{"id":1113,"date":"2024-11-06T14:26:23","date_gmt":"2024-11-06T14:26:23","guid":{"rendered":"https:\/\/prio.swiss\/saskia-schenker-wird-direktorin-von-prio-swiss\/"},"modified":"2025-08-12T15:59:05","modified_gmt":"2025-08-12T15:59:05","slug":"saskia-schenker-sera-la-directrice-de-prio-swiss","status":"publish","type":"post","link":"https:\/\/prio.swiss\/fr\/saskia-schenker-sera-la-directrice-de-prio-swiss\/","title":{"rendered":"Saskia Schenker sera la directrice de prio.swiss"},"content":{"rendered":"<p class=\"p2\">Saskia Schenker, actuellement directrice de l\u2019Union patronale de B\u00e2le,sera ladirectrice deprio.swiss,la nouvelle association des assureurs-maladie suisses. Gr\u00e2ce \u00e0 son exp\u00e9rience dans la conduited&rsquo;associations,ainsi que dans le secteur de la sant\u00e9 et le domainepolitique, cette \u00e9conomiste et politologue a toutes les qualit\u00e9s requises pour donner une impulsionforte \u00e0 la nouvelle association et faire avancer les solutions pour desr\u00e9formesurgentes et n\u00e9cessaires.<\/p>\n","protected":false},"excerpt":{"rendered":"<p>Saskia Schenker, actuellement directrice de l\u2019Union patronale de B\u00e2le,sera ladirectrice deprio.swiss,la nouvelle association des assureurs-maladie suisses. Gr\u00e2ce \u00e0 son exp\u00e9rience dans la conduited&rsquo;associations,ainsi que dans le secteur de la sant\u00e9 et le domainepolitique, cette \u00e9conomiste et politologue a toutes les qualit\u00e9s requises pour donner une impulsionforte \u00e0 la nouvelle association et faire avancer les solutions [&hellip;]<\/p>\n","protected":false},"author":1,"featured_media":0,"comment_status":"closed","ping_status":"closed","sticky":false,"template":"","format":"standard","meta":{"_acf_changed":false,"footnotes":""},"categories":[26],"tags":[],"class_list":["post-1113","post","type-post","status-publish","format-standard","hentry","category-communiques"],"acf":[],"yoast_head":"<!-- This site is optimized with the Yoast SEO plugin v26.6 - https:\/\/yoast.com\/wordpress\/plugins\/seo\/ -->\n<title>Saskia Schenker sera la directrice de prio.swiss - Prio.Swiss \u2013 Der Verband Schweizer Krankenversicherer<\/title>\n<meta name=\"robots\" content=\"index, follow, max-snippet:-1, max-image-preview:large, max-video-preview:-1\" \/>\n<link rel=\"canonical\" href=\"https:\/\/prio.swiss\/fr\/saskia-schenker-sera-la-directrice-de-prio-swiss\/\" \/>\n<meta property=\"og:locale\" content=\"fr_FR\" \/>\n<meta property=\"og:type\" content=\"article\" \/>\n<meta property=\"og:title\" content=\"Saskia Schenker sera la directrice de prio.swiss - Prio.Swiss \u2013 Der Verband Schweizer Krankenversicherer\" \/>\n<meta property=\"og:description\" content=\"Saskia Schenker, actuellement directrice de l\u2019Union patronale de B\u00e2le,sera ladirectrice deprio.swiss,la nouvelle association des assureurs-maladie suisses. Gr\u00e2ce \u00e0 son exp\u00e9rience dans la conduited&rsquo;associations,ainsi que dans le secteur de la sant\u00e9 et le domainepolitique, cette \u00e9conomiste et politologue a toutes les qualit\u00e9s requises pour donner une impulsionforte \u00e0 la nouvelle association et faire avancer les solutions [&hellip;]\" \/>\n<meta property=\"og:url\" content=\"https:\/\/prio.swiss\/fr\/saskia-schenker-sera-la-directrice-de-prio-swiss\/\" \/>\n<meta property=\"og:site_name\" content=\"Prio.Swiss \u2013 Der Verband Schweizer Krankenversicherer\" \/>\n<meta property=\"article:published_time\" content=\"2024-11-06T14:26:23+00:00\" \/>\n<meta property=\"article:modified_time\" content=\"2025-08-12T15:59:05+00:00\" \/>\n<meta name=\"author\" content=\"admin\" \/>\n<meta name=\"twitter:card\" content=\"summary_large_image\" \/>\n<meta name=\"twitter:label1\" content=\"\u00c9crit par\" \/>\n\t<meta name=\"twitter:data1\" content=\"admin\" \/>\n\t<meta name=\"twitter:label2\" content=\"Dur\u00e9e de lecture estim\u00e9e\" \/>\n\t<meta name=\"twitter:data2\" content=\"1 minute\" \/>\n<script type=\"application\/ld+json\" class=\"yoast-schema-graph\">{\"@context\":\"https:\/\/schema.org\",\"@graph\":[{\"@type\":\"WebPage\",\"@id\":\"https:\/\/prio.swiss\/fr\/saskia-schenker-sera-la-directrice-de-prio-swiss\/\",\"url\":\"https:\/\/prio.swiss\/fr\/saskia-schenker-sera-la-directrice-de-prio-swiss\/\",\"name\":\"Saskia Schenker sera la directrice de prio.swiss - Prio.Swiss \u2013 Der Verband Schweizer Krankenversicherer\",\"isPartOf\":{\"@id\":\"https:\/\/prio.swiss\/#website\"},\"datePublished\":\"2024-11-06T14:26:23+00:00\",\"dateModified\":\"2025-08-12T15:59:05+00:00\",\"author\":{\"@id\":\"https:\/\/prio.swiss\/#\/schema\/person\/1cb8c5c9e7fd74a6b9ca9fdbcee78116\"},\"breadcrumb\":{\"@id\":\"https:\/\/prio.swiss\/fr\/saskia-schenker-sera-la-directrice-de-prio-swiss\/#breadcrumb\"},\"inLanguage\":\"fr-FR\",\"potentialAction\":[{\"@type\":\"ReadAction\",\"target\":[\"https:\/\/prio.swiss\/fr\/saskia-schenker-sera-la-directrice-de-prio-swiss\/\"]}]},{\"@type\":\"BreadcrumbList\",\"@id\":\"https:\/\/prio.swiss\/fr\/saskia-schenker-sera-la-directrice-de-prio-swiss\/#breadcrumb\",\"itemListElement\":[{\"@type\":\"ListItem\",\"position\":1,\"name\":\"Startseite\",\"item\":\"https:\/\/prio.swiss\/fr\/\"},{\"@type\":\"ListItem\",\"position\":2,\"name\":\"Saskia Schenker sera la directrice de prio.swiss\"}]},{\"@type\":\"WebSite\",\"@id\":\"https:\/\/prio.swiss\/#website\",\"url\":\"https:\/\/prio.swiss\/\",\"name\":\"Prio.Swiss \u2013 Der Verband Schweizer Krankenversicherer\",\"description\":\"\",\"potentialAction\":[{\"@type\":\"SearchAction\",\"target\":{\"@type\":\"EntryPoint\",\"urlTemplate\":\"https:\/\/prio.swiss\/?s={search_term_string}\"},\"query-input\":{\"@type\":\"PropertyValueSpecification\",\"valueRequired\":true,\"valueName\":\"search_term_string\"}}],\"inLanguage\":\"fr-FR\"},{\"@type\":\"Person\",\"@id\":\"https:\/\/prio.swiss\/#\/schema\/person\/1cb8c5c9e7fd74a6b9ca9fdbcee78116\",\"name\":\"admin\",\"image\":{\"@type\":\"ImageObject\",\"inLanguage\":\"fr-FR\",\"@id\":\"https:\/\/prio.swiss\/#\/schema\/person\/image\/\",\"url\":\"https:\/\/secure.gravatar.com\/avatar\/1f737e8ab53cd8d54c4dc87df139b4ab00aabf9f3101fe7ddccd23192e38f010?s=96&d=mm&r=g\",\"contentUrl\":\"https:\/\/secure.gravatar.com\/avatar\/1f737e8ab53cd8d54c4dc87df139b4ab00aabf9f3101fe7ddccd23192e38f010?s=96&d=mm&r=g\",\"caption\":\"admin\"},\"sameAs\":[\"https:\/\/prio.swiss\"]}]}<\/script>\n<!-- \/ Yoast SEO plugin. -->","yoast_head_json":{"title":"Saskia Schenker sera la directrice de prio.swiss - Prio.Swiss \u2013 Der Verband Schweizer Krankenversicherer","robots":{"index":"index","follow":"follow","max-snippet":"max-snippet:-1","max-image-preview":"max-image-preview:large","max-video-preview":"max-video-preview:-1"},"canonical":"https:\/\/prio.swiss\/fr\/saskia-schenker-sera-la-directrice-de-prio-swiss\/","og_locale":"fr_FR","og_type":"article","og_title":"Saskia Schenker sera la directrice de prio.swiss - Prio.Swiss \u2013 Der Verband Schweizer Krankenversicherer","og_description":"Saskia Schenker, actuellement directrice de l\u2019Union patronale de B\u00e2le,sera ladirectrice deprio.swiss,la nouvelle association des assureurs-maladie suisses. Gr\u00e2ce \u00e0 son exp\u00e9rience dans la conduited&rsquo;associations,ainsi que dans le secteur de la sant\u00e9 et le domainepolitique, cette \u00e9conomiste et politologue a toutes les qualit\u00e9s requises pour donner une impulsionforte \u00e0 la nouvelle association et faire avancer les solutions [&hellip;]","og_url":"https:\/\/prio.swiss\/fr\/saskia-schenker-sera-la-directrice-de-prio-swiss\/","og_site_name":"Prio.Swiss \u2013 Der Verband Schweizer Krankenversicherer","article_published_time":"2024-11-06T14:26:23+00:00","article_modified_time":"2025-08-12T15:59:05+00:00","author":"admin","twitter_card":"summary_large_image","twitter_misc":{"\u00c9crit par":"admin","Dur\u00e9e de lecture estim\u00e9e":"1 minute"},"schema":{"@context":"https:\/\/schema.org","@graph":[{"@type":"WebPage","@id":"https:\/\/prio.swiss\/fr\/saskia-schenker-sera-la-directrice-de-prio-swiss\/","url":"https:\/\/prio.swiss\/fr\/saskia-schenker-sera-la-directrice-de-prio-swiss\/","name":"Saskia Schenker sera la directrice de prio.swiss - Prio.Swiss \u2013 Der Verband Schweizer Krankenversicherer","isPartOf":{"@id":"https:\/\/prio.swiss\/#website"},"datePublished":"2024-11-06T14:26:23+00:00","dateModified":"2025-08-12T15:59:05+00:00","author":{"@id":"https:\/\/prio.swiss\/#\/schema\/person\/1cb8c5c9e7fd74a6b9ca9fdbcee78116"},"breadcrumb":{"@id":"https:\/\/prio.swiss\/fr\/saskia-schenker-sera-la-directrice-de-prio-swiss\/#breadcrumb"},"inLanguage":"fr-FR","potentialAction":[{"@type":"ReadAction","target":["https:\/\/prio.swiss\/fr\/saskia-schenker-sera-la-directrice-de-prio-swiss\/"]}]},{"@type":"BreadcrumbList","@id":"https:\/\/prio.swiss\/fr\/saskia-schenker-sera-la-directrice-de-prio-swiss\/#breadcrumb","itemListElement":[{"@type":"ListItem","position":1,"name":"Startseite","item":"https:\/\/prio.swiss\/fr\/"},{"@type":"ListItem","position":2,"name":"Saskia Schenker sera la directrice de prio.swiss"}]},{"@type":"WebSite","@id":"https:\/\/prio.swiss\/#website","url":"https:\/\/prio.swiss\/","name":"Prio.Swiss \u2013 Der Verband Schweizer Krankenversicherer","description":"","potentialAction":[{"@type":"SearchAction","target":{"@type":"EntryPoint","urlTemplate":"https:\/\/prio.swiss\/?s={search_term_string}"},"query-input":{"@type":"PropertyValueSpecification","valueRequired":true,"valueName":"search_term_string"}}],"inLanguage":"fr-FR"},{"@type":"Person","@id":"https:\/\/prio.swiss\/#\/schema\/person\/1cb8c5c9e7fd74a6b9ca9fdbcee78116","name":"admin","image":{"@type":"ImageObject","inLanguage":"fr-FR","@id":"https:\/\/prio.swiss\/#\/schema\/person\/image\/","url":"https:\/\/secure.gravatar.com\/avatar\/1f737e8ab53cd8d54c4dc87df139b4ab00aabf9f3101fe7ddccd23192e38f010?s=96&d=mm&r=g","contentUrl":"https:\/\/secure.gravatar.com\/avatar\/1f737e8ab53cd8d54c4dc87df139b4ab00aabf9f3101fe7ddccd23192e38f010?s=96&d=mm&r=g","caption":"admin"},"sameAs":["https:\/\/prio.swiss"]}]}},"_links":{"self":[{"href":"https:\/\/prio.swiss\/fr\/wp-json\/wp\/v2\/posts\/1113","targetHints":{"allow":["GET"]}}],"collection":[{"href":"https:\/\/prio.swiss\/fr\/wp-json\/wp\/v2\/posts"}],"about":[{"href":"https:\/\/prio.swiss\/fr\/wp-json\/wp\/v2\/types\/post"}],"author":[{"embeddable":true,"href":"https:\/\/prio.swiss\/fr\/wp-json\/wp\/v2\/users\/1"}],"replies":[{"embeddable":true,"href":"https:\/\/prio.swiss\/fr\/wp-json\/wp\/v2\/comments?post=1113"}],"version-history":[{"count":6,"href":"https:\/\/prio.swiss\/fr\/wp-json\/wp\/v2\/posts\/1113\/revisions"}],"predecessor-version":[{"id":3714,"href":"https:\/\/prio.swiss\/fr\/wp-json\/wp\/v2\/posts\/1113\/revisions\/3714"}],"wp:attachment":[{"href":"https:\/\/prio.swiss\/fr\/wp-json\/wp\/v2\/media?parent=1113"}],"wp:term":[{"taxonomy":"category","embeddable":true,"href":"https:\/\/prio.swiss\/fr\/wp-json\/wp\/v2\/categories?post=1113"},{"taxonomy":"post_tag","embeddable":true,"href":"https:\/\/prio.swiss\/fr\/wp-json\/wp\/v2\/tags?post=1113"}],"curies":[{"name":"wp","href":"https:\/\/api.w.org\/{rel}","templated":true}]}}