{"id":1700,"date":"2024-12-20T17:00:31","date_gmt":"2024-12-20T17:00:31","guid":{"rendered":"https:\/\/prio.swiss\/?p=1700"},"modified":"2025-08-12T15:38:49","modified_gmt":"2025-08-12T15:38:49","slug":"le-corps-medical-et-prio-swiss-saccordent-sur-une-solution-pour-les-taxes-durgence","status":"publish","type":"post","link":"https:\/\/prio.swiss\/fr\/le-corps-medical-et-prio-swiss-saccordent-sur-une-solution-pour-les-taxes-durgence\/","title":{"rendered":"Le corps m\u00e9dical et prio.swiss s\u2019accordent sur une solution pour les taxes d\u2019urgence"},"content":{"rendered":"<p>Lors d\u2019un dialogue constructif, la F\u00e9d\u00e9ration des m\u00e9decins suisses (FMH) et la nouvelle association fa\u00eeti\u00e8re des assureurs-maladie prio.swiss se sont mises d\u2019accord sur une solution pragmatique concernant l\u2019application des indemnit\u00e9s forfaitaires de d\u00e9rangement en cas de consultations pressantes et urgentes. Plus aucune distinction n\u2019est faite entre m\u00e9decins ind\u00e9pendants et m\u00e9decins salari\u00e9s. Cette adaptation r\u00e9pond \u00e0 la r\u00e9alit\u00e9 actuelle sur le terrain et permet d\u2019assurer des soins d\u2019urgence de qualit\u00e9, \u00e9galement en dehors des h\u00f4pitaux. En parall\u00e8le, les cas laissant suspecter un mod\u00e8le commercial reposant sur la facturation non conforme des indemnit\u00e9s de d\u00e9rangement seront poursuivis de mani\u00e8re syst\u00e9matique.<\/p>\n","protected":false},"excerpt":{"rendered":"<p>Lors d\u2019un dialogue constructif, la F\u00e9d\u00e9ration des m\u00e9decins suisses (FMH) et la nouvelle association fa\u00eeti\u00e8re des assureurs-maladie prio.swiss se sont mises d\u2019accord sur une solution pragmatique concernant l\u2019application des indemnit\u00e9s forfaitaires de d\u00e9rangement en cas de consultations pressantes et urgentes. Plus aucune distinction n\u2019est faite entre m\u00e9decins ind\u00e9pendants et m\u00e9decins salari\u00e9s. Cette adaptation r\u00e9pond \u00e0 [&hellip;]<\/p>\n","protected":false},"author":5,"featured_media":0,"comment_status":"closed","ping_status":"closed","sticky":false,"template":"","format":"standard","meta":{"_acf_changed":false,"footnotes":""},"categories":[26],"tags":[],"class_list":["post-1700","post","type-post","status-publish","format-standard","hentry","category-communiques"],"acf":[],"yoast_head":"<!-- This site is optimized with the Yoast SEO plugin v26.6 - https:\/\/yoast.com\/wordpress\/plugins\/seo\/ -->\n<title>Le corps m\u00e9dical et prio.swiss s\u2019accordent sur une solution pour les taxes d\u2019urgence - Prio.Swiss \u2013 Der Verband Schweizer Krankenversicherer<\/title>\n<meta name=\"robots\" content=\"index, follow, max-snippet:-1, max-image-preview:large, max-video-preview:-1\" \/>\n<link rel=\"canonical\" href=\"https:\/\/prio.swiss\/fr\/le-corps-medical-et-prio-swiss-saccordent-sur-une-solution-pour-les-taxes-durgence\/\" \/>\n<meta property=\"og:locale\" content=\"fr_FR\" \/>\n<meta property=\"og:type\" content=\"article\" \/>\n<meta property=\"og:title\" content=\"Le corps m\u00e9dical et prio.swiss s\u2019accordent sur une solution pour les taxes d\u2019urgence - Prio.Swiss \u2013 Der Verband Schweizer Krankenversicherer\" \/>\n<meta property=\"og:description\" content=\"Lors d\u2019un dialogue constructif, la F\u00e9d\u00e9ration des m\u00e9decins suisses (FMH) et la nouvelle association fa\u00eeti\u00e8re des assureurs-maladie prio.swiss se sont mises d\u2019accord sur une solution pragmatique concernant l\u2019application des indemnit\u00e9s forfaitaires de d\u00e9rangement en cas de consultations pressantes et urgentes. Plus aucune distinction n\u2019est faite entre m\u00e9decins ind\u00e9pendants et m\u00e9decins salari\u00e9s. Cette adaptation r\u00e9pond \u00e0 [&hellip;]\" \/>\n<meta property=\"og:url\" content=\"https:\/\/prio.swiss\/fr\/le-corps-medical-et-prio-swiss-saccordent-sur-une-solution-pour-les-taxes-durgence\/\" \/>\n<meta property=\"og:site_name\" content=\"Prio.Swiss \u2013 Der Verband Schweizer Krankenversicherer\" \/>\n<meta property=\"article:published_time\" content=\"2024-12-20T17:00:31+00:00\" \/>\n<meta property=\"article:modified_time\" content=\"2025-08-12T15:38:49+00:00\" \/>\n<meta name=\"author\" content=\"Ivo Giudicetti\" \/>\n<meta name=\"twitter:card\" content=\"summary_large_image\" \/>\n<meta name=\"twitter:label1\" content=\"\u00c9crit par\" \/>\n\t<meta name=\"twitter:data1\" content=\"Ivo Giudicetti\" \/>\n\t<meta name=\"twitter:label2\" content=\"Dur\u00e9e de lecture estim\u00e9e\" \/>\n\t<meta name=\"twitter:data2\" content=\"1 minute\" \/>\n<script type=\"application\/ld+json\" class=\"yoast-schema-graph\">{\"@context\":\"https:\/\/schema.org\",\"@graph\":[{\"@type\":\"WebPage\",\"@id\":\"https:\/\/prio.swiss\/fr\/le-corps-medical-et-prio-swiss-saccordent-sur-une-solution-pour-les-taxes-durgence\/\",\"url\":\"https:\/\/prio.swiss\/fr\/le-corps-medical-et-prio-swiss-saccordent-sur-une-solution-pour-les-taxes-durgence\/\",\"name\":\"Le corps m\u00e9dical et prio.swiss s\u2019accordent sur une solution pour les taxes d\u2019urgence - Prio.Swiss \u2013 Der Verband Schweizer Krankenversicherer\",\"isPartOf\":{\"@id\":\"https:\/\/prio.swiss\/#website\"},\"datePublished\":\"2024-12-20T17:00:31+00:00\",\"dateModified\":\"2025-08-12T15:38:49+00:00\",\"author\":{\"@id\":\"https:\/\/prio.swiss\/#\/schema\/person\/4d9497c27b718f03a1e874527475adea\"},\"breadcrumb\":{\"@id\":\"https:\/\/prio.swiss\/fr\/le-corps-medical-et-prio-swiss-saccordent-sur-une-solution-pour-les-taxes-durgence\/#breadcrumb\"},\"inLanguage\":\"fr-FR\",\"potentialAction\":[{\"@type\":\"ReadAction\",\"target\":[\"https:\/\/prio.swiss\/fr\/le-corps-medical-et-prio-swiss-saccordent-sur-une-solution-pour-les-taxes-durgence\/\"]}]},{\"@type\":\"BreadcrumbList\",\"@id\":\"https:\/\/prio.swiss\/fr\/le-corps-medical-et-prio-swiss-saccordent-sur-une-solution-pour-les-taxes-durgence\/#breadcrumb\",\"itemListElement\":[{\"@type\":\"ListItem\",\"position\":1,\"name\":\"Startseite\",\"item\":\"https:\/\/prio.swiss\/fr\/\"},{\"@type\":\"ListItem\",\"position\":2,\"name\":\"Le corps m\u00e9dical et prio.swiss s\u2019accordent sur une solution pour les taxes d\u2019urgence\"}]},{\"@type\":\"WebSite\",\"@id\":\"https:\/\/prio.swiss\/#website\",\"url\":\"https:\/\/prio.swiss\/\",\"name\":\"Prio.Swiss \u2013 Der Verband Schweizer Krankenversicherer\",\"description\":\"\",\"potentialAction\":[{\"@type\":\"SearchAction\",\"target\":{\"@type\":\"EntryPoint\",\"urlTemplate\":\"https:\/\/prio.swiss\/?s={search_term_string}\"},\"query-input\":{\"@type\":\"PropertyValueSpecification\",\"valueRequired\":true,\"valueName\":\"search_term_string\"}}],\"inLanguage\":\"fr-FR\"},{\"@type\":\"Person\",\"@id\":\"https:\/\/prio.swiss\/#\/schema\/person\/4d9497c27b718f03a1e874527475adea\",\"name\":\"Ivo Giudicetti\",\"image\":{\"@type\":\"ImageObject\",\"inLanguage\":\"fr-FR\",\"@id\":\"https:\/\/prio.swiss\/#\/schema\/person\/image\/\",\"url\":\"https:\/\/secure.gravatar.com\/avatar\/a9556a66894283924e2a939c86ab0cdd52d95066a830df044151992e554b0577?s=96&d=mm&r=g\",\"contentUrl\":\"https:\/\/secure.gravatar.com\/avatar\/a9556a66894283924e2a939c86ab0cdd52d95066a830df044151992e554b0577?s=96&d=mm&r=g\",\"caption\":\"Ivo Giudicetti\"}}]}<\/script>\n<!-- \/ Yoast SEO plugin. -->","yoast_head_json":{"title":"Le corps m\u00e9dical et prio.swiss s\u2019accordent sur une solution pour les taxes d\u2019urgence - Prio.Swiss \u2013 Der Verband Schweizer Krankenversicherer","robots":{"index":"index","follow":"follow","max-snippet":"max-snippet:-1","max-image-preview":"max-image-preview:large","max-video-preview":"max-video-preview:-1"},"canonical":"https:\/\/prio.swiss\/fr\/le-corps-medical-et-prio-swiss-saccordent-sur-une-solution-pour-les-taxes-durgence\/","og_locale":"fr_FR","og_type":"article","og_title":"Le corps m\u00e9dical et prio.swiss s\u2019accordent sur une solution pour les taxes d\u2019urgence - Prio.Swiss \u2013 Der Verband Schweizer Krankenversicherer","og_description":"Lors d\u2019un dialogue constructif, la F\u00e9d\u00e9ration des m\u00e9decins suisses (FMH) et la nouvelle association fa\u00eeti\u00e8re des assureurs-maladie prio.swiss se sont mises d\u2019accord sur une solution pragmatique concernant l\u2019application des indemnit\u00e9s forfaitaires de d\u00e9rangement en cas de consultations pressantes et urgentes. Plus aucune distinction n\u2019est faite entre m\u00e9decins ind\u00e9pendants et m\u00e9decins salari\u00e9s. Cette adaptation r\u00e9pond \u00e0 [&hellip;]","og_url":"https:\/\/prio.swiss\/fr\/le-corps-medical-et-prio-swiss-saccordent-sur-une-solution-pour-les-taxes-durgence\/","og_site_name":"Prio.Swiss \u2013 Der Verband Schweizer Krankenversicherer","article_published_time":"2024-12-20T17:00:31+00:00","article_modified_time":"2025-08-12T15:38:49+00:00","author":"Ivo Giudicetti","twitter_card":"summary_large_image","twitter_misc":{"\u00c9crit par":"Ivo Giudicetti","Dur\u00e9e de lecture estim\u00e9e":"1 minute"},"schema":{"@context":"https:\/\/schema.org","@graph":[{"@type":"WebPage","@id":"https:\/\/prio.swiss\/fr\/le-corps-medical-et-prio-swiss-saccordent-sur-une-solution-pour-les-taxes-durgence\/","url":"https:\/\/prio.swiss\/fr\/le-corps-medical-et-prio-swiss-saccordent-sur-une-solution-pour-les-taxes-durgence\/","name":"Le corps m\u00e9dical et prio.swiss s\u2019accordent sur une solution pour les taxes d\u2019urgence - Prio.Swiss \u2013 Der Verband Schweizer Krankenversicherer","isPartOf":{"@id":"https:\/\/prio.swiss\/#website"},"datePublished":"2024-12-20T17:00:31+00:00","dateModified":"2025-08-12T15:38:49+00:00","author":{"@id":"https:\/\/prio.swiss\/#\/schema\/person\/4d9497c27b718f03a1e874527475adea"},"breadcrumb":{"@id":"https:\/\/prio.swiss\/fr\/le-corps-medical-et-prio-swiss-saccordent-sur-une-solution-pour-les-taxes-durgence\/#breadcrumb"},"inLanguage":"fr-FR","potentialAction":[{"@type":"ReadAction","target":["https:\/\/prio.swiss\/fr\/le-corps-medical-et-prio-swiss-saccordent-sur-une-solution-pour-les-taxes-durgence\/"]}]},{"@type":"BreadcrumbList","@id":"https:\/\/prio.swiss\/fr\/le-corps-medical-et-prio-swiss-saccordent-sur-une-solution-pour-les-taxes-durgence\/#breadcrumb","itemListElement":[{"@type":"ListItem","position":1,"name":"Startseite","item":"https:\/\/prio.swiss\/fr\/"},{"@type":"ListItem","position":2,"name":"Le corps m\u00e9dical et prio.swiss s\u2019accordent sur une solution pour les taxes d\u2019urgence"}]},{"@type":"WebSite","@id":"https:\/\/prio.swiss\/#website","url":"https:\/\/prio.swiss\/","name":"Prio.Swiss \u2013 Der Verband Schweizer Krankenversicherer","description":"","potentialAction":[{"@type":"SearchAction","target":{"@type":"EntryPoint","urlTemplate":"https:\/\/prio.swiss\/?s={search_term_string}"},"query-input":{"@type":"PropertyValueSpecification","valueRequired":true,"valueName":"search_term_string"}}],"inLanguage":"fr-FR"},{"@type":"Person","@id":"https:\/\/prio.swiss\/#\/schema\/person\/4d9497c27b718f03a1e874527475adea","name":"Ivo Giudicetti","image":{"@type":"ImageObject","inLanguage":"fr-FR","@id":"https:\/\/prio.swiss\/#\/schema\/person\/image\/","url":"https:\/\/secure.gravatar.com\/avatar\/a9556a66894283924e2a939c86ab0cdd52d95066a830df044151992e554b0577?s=96&d=mm&r=g","contentUrl":"https:\/\/secure.gravatar.com\/avatar\/a9556a66894283924e2a939c86ab0cdd52d95066a830df044151992e554b0577?s=96&d=mm&r=g","caption":"Ivo Giudicetti"}}]}},"_links":{"self":[{"href":"https:\/\/prio.swiss\/fr\/wp-json\/wp\/v2\/posts\/1700","targetHints":{"allow":["GET"]}}],"collection":[{"href":"https:\/\/prio.swiss\/fr\/wp-json\/wp\/v2\/posts"}],"about":[{"href":"https:\/\/prio.swiss\/fr\/wp-json\/wp\/v2\/types\/post"}],"author":[{"embeddable":true,"href":"https:\/\/prio.swiss\/fr\/wp-json\/wp\/v2\/users\/5"}],"replies":[{"embeddable":true,"href":"https:\/\/prio.swiss\/fr\/wp-json\/wp\/v2\/comments?post=1700"}],"version-history":[{"count":7,"href":"https:\/\/prio.swiss\/fr\/wp-json\/wp\/v2\/posts\/1700\/revisions"}],"predecessor-version":[{"id":3646,"href":"https:\/\/prio.swiss\/fr\/wp-json\/wp\/v2\/posts\/1700\/revisions\/3646"}],"wp:attachment":[{"href":"https:\/\/prio.swiss\/fr\/wp-json\/wp\/v2\/media?parent=1700"}],"wp:term":[{"taxonomy":"category","embeddable":true,"href":"https:\/\/prio.swiss\/fr\/wp-json\/wp\/v2\/categories?post=1700"},{"taxonomy":"post_tag","embeddable":true,"href":"https:\/\/prio.swiss\/fr\/wp-json\/wp\/v2\/tags?post=1700"}],"curies":[{"name":"wp","href":"https:\/\/api.w.org\/{rel}","templated":true}]}}