{"id":1884,"date":"2025-03-12T10:11:06","date_gmt":"2025-03-12T10:11:06","guid":{"rendered":"https:\/\/prio.swiss\/?p=1884"},"modified":"2025-08-22T12:01:43","modified_gmt":"2025-08-22T12:01:43","slug":"prio-swiss-soutient-le-renforcement-de-la-responsabilite-individuelle-ladaptation-de-la-franchise-minimale-permettrait-des-economies-de-12-milliard-de-francs","status":"publish","type":"post","link":"https:\/\/prio.swiss\/fr\/prio-swiss-soutient-le-renforcement-de-la-responsabilite-individuelle-ladaptation-de-la-franchise-minimale-permettrait-des-economies-de-12-milliard-de-francs\/","title":{"rendered":"prio.swiss soutient le renforcement de la responsabilit\u00e9 individuelle : l&rsquo;adaptation de la franchise minimale permettrait des \u00e9conomies de 1,2 milliard de francs"},"content":{"rendered":"<p>12.03.2025<\/p>\n<p><strong>Le Conseil national se prononcera le 13 mars sur l&rsquo;augmentation de la franchise minimale. prio.swiss, tout comme le Conseil f\u00e9d\u00e9ral, soutient cette proposition qui renforce la responsabilit\u00e9 individuelle des assur\u00e9s et permet ainsi de r\u00e9aliser des \u00e9conomies consid\u00e9rables dans l\u2019int\u00e9r\u00eat des payeurs de primes. La franchise minimale de 300 francs n&rsquo;a pas \u00e9t\u00e9 ajust\u00e9e depuis plus de 20 ans, alors que les co\u00fbts par assur\u00e9 ont doubl\u00e9 pendant cette p\u00e9riode.<\/strong> <strong>Une augmentation de la franchise \u00e0 500 francs permettrait de r\u00e9aliser des \u00e9conomies de 1,2 milliard de francs par an, ce qui correspond \u00e0 3 % des primes.<\/strong><\/p>\n<p>L&rsquo;assurance-maladie obligatoire repose sur un \u00e9quilibre subtil entre responsabilit\u00e9 individuelle et solidarit\u00e9. Chacun doit faire preuve de retenue dans l&rsquo;utilisation du syst\u00e8me de sant\u00e9 afin de ne pas alourdir la charge de tous les assur\u00e9s. Les franchises sont un moyen de promouvoir la responsabilit\u00e9 individuelle. Cependant, elles n&rsquo;ont pas suivi l&rsquo;\u00e9volution des co\u00fbts. La franchise minimale n&rsquo;a pas \u00e9t\u00e9 ajust\u00e9e depuis plus de 20 ans, bien que les co\u00fbts de l&rsquo;assurance obligatoire des soins (AOS) aient doubl\u00e9 pendant cette p\u00e9riode.<\/p>\n<p><strong>Des \u00e9conomies de 1,2 milliard de francs<\/strong><br \/>\nLa franchise minimale n&rsquo;ayant pas \u00e9t\u00e9 adapt\u00e9e \u00e0 l&rsquo;\u00e9volution des co\u00fbts de la sant\u00e9, son effet mod\u00e9rateur sur le recours aux prestations financ\u00e9es par les primes n&rsquo;a cess\u00e9 de diminuer. Selon une r\u00e9cente <a href=\"https:\/\/reports.helsana.ch\/fr\/revenus-et-primes\/\">\u00e9tude<\/a> r\u00e9alis\u00e9e par Helsana, une augmentation de la franchise de 300 \u00e0 500 francs permettrait de r\u00e9aliser des \u00e9conomies d&rsquo;environ 1,2 milliard de francs par an, ce qui correspond \u00e0 une baisse des primes de 3 %. Afin de garantir un financement durable de notre syst\u00e8me de sant\u00e9, il est donc important, du point de vue de prio.swiss, que le Conseil national se prononce en faveur de la motion demandant une adaptation de la franchise minimale (<a href=\"https:\/\/www.parlament.ch\/fr\/ratsbetrieb\/suche-curia-vista\/geschaeft?AffairId=20243636\">motion 24.3636 &#8211; Adapter la franchise minimale aux conditions r\u00e9elles<\/a>). Le Conseil f\u00e9d\u00e9ral soutient \u00e9galement cette proposition.<\/p>\n<p><strong>Davantage de responsabilit\u00e9 individuelle<\/strong><br \/>\nJusqu&rsquo;\u00e0 pr\u00e9sent, les mesures visant \u00e0 ma\u00eetriser les co\u00fbts ont surtout concern\u00e9 les fournisseurs de prestations, les cantons et les assureurs. Les mesures visant \u00e0 renforcer la responsabilit\u00e9 individuelle font d\u00e9faut. Si nous voulons ma\u00eetriser les co\u00fbts, nous devons suivre toutes les pistes et activer tous les leviers. Il est donc judicieux de r\u00e9viser et d&rsquo;adapter r\u00e9guli\u00e8rement les franchises \u00e0 l&rsquo;\u00e9volution des co\u00fbts de la sant\u00e9. Cela permettrait de r\u00e9aliser des \u00e9conomies consid\u00e9rables, qui all\u00e9geraient sensiblement la charge des payeurs de primes.<\/p>\n","protected":false},"excerpt":{"rendered":"<p>Le Conseil national se prononcera le 13 mars sur l&rsquo;augmentation de la franchise minimale. prio.swiss, tout comme le Conseil f\u00e9d\u00e9ral, soutient cette proposition qui renforce la responsabilit\u00e9 individuelle des assur\u00e9s et permet ainsi de r\u00e9aliser des \u00e9conomies consid\u00e9rables dans l\u2019int\u00e9r\u00eat des payeurs de primes.<\/p>\n","protected":false},"author":1,"featured_media":0,"comment_status":"closed","ping_status":"closed","sticky":false,"template":"","format":"standard","meta":{"_acf_changed":false,"footnotes":""},"categories":[26],"tags":[],"class_list":["post-1884","post","type-post","status-publish","format-standard","hentry","category-communiques"],"acf":[],"yoast_head":"<!-- This site is optimized with the Yoast SEO plugin v26.6 - https:\/\/yoast.com\/wordpress\/plugins\/seo\/ -->\n<title>prio.swiss soutient le renforcement de la responsabilit\u00e9 individuelle : l&#039;adaptation de la franchise minimale permettrait des \u00e9conomies de 1,2 milliard de francs - Prio.Swiss \u2013 Der Verband Schweizer Krankenversicherer<\/title>\n<meta name=\"robots\" content=\"index, follow, max-snippet:-1, max-image-preview:large, max-video-preview:-1\" \/>\n<link rel=\"canonical\" href=\"https:\/\/prio.swiss\/fr\/prio-swiss-soutient-le-renforcement-de-la-responsabilite-individuelle-ladaptation-de-la-franchise-minimale-permettrait-des-economies-de-12-milliard-de-francs\/\" \/>\n<meta property=\"og:locale\" content=\"fr_FR\" \/>\n<meta property=\"og:type\" content=\"article\" \/>\n<meta property=\"og:title\" content=\"prio.swiss soutient le renforcement de la responsabilit\u00e9 individuelle : l&#039;adaptation de la franchise minimale permettrait des \u00e9conomies de 1,2 milliard de francs - Prio.Swiss \u2013 Der Verband Schweizer Krankenversicherer\" \/>\n<meta property=\"og:description\" content=\"Le Conseil national se prononcera le 13 mars sur l&#039;augmentation de la franchise minimale. prio.swiss, tout comme le Conseil f\u00e9d\u00e9ral, soutient cette proposition qui renforce la responsabilit\u00e9 individuelle des assur\u00e9s et permet ainsi de r\u00e9aliser des \u00e9conomies consid\u00e9rables dans l\u2019int\u00e9r\u00eat des payeurs de primes.\" \/>\n<meta property=\"og:url\" content=\"https:\/\/prio.swiss\/fr\/prio-swiss-soutient-le-renforcement-de-la-responsabilite-individuelle-ladaptation-de-la-franchise-minimale-permettrait-des-economies-de-12-milliard-de-francs\/\" \/>\n<meta property=\"og:site_name\" content=\"Prio.Swiss \u2013 Der Verband Schweizer Krankenversicherer\" \/>\n<meta property=\"article:published_time\" content=\"2025-03-12T10:11:06+00:00\" \/>\n<meta property=\"article:modified_time\" content=\"2025-08-22T12:01:43+00:00\" \/>\n<meta name=\"author\" content=\"admin\" \/>\n<meta name=\"twitter:card\" content=\"summary_large_image\" \/>\n<meta name=\"twitter:label1\" content=\"\u00c9crit par\" \/>\n\t<meta name=\"twitter:data1\" content=\"admin\" \/>\n\t<meta name=\"twitter:label2\" content=\"Dur\u00e9e de lecture estim\u00e9e\" \/>\n\t<meta name=\"twitter:data2\" content=\"3 minutes\" \/>\n<script type=\"application\/ld+json\" class=\"yoast-schema-graph\">{\"@context\":\"https:\/\/schema.org\",\"@graph\":[{\"@type\":\"WebPage\",\"@id\":\"https:\/\/prio.swiss\/fr\/prio-swiss-soutient-le-renforcement-de-la-responsabilite-individuelle-ladaptation-de-la-franchise-minimale-permettrait-des-economies-de-12-milliard-de-francs\/\",\"url\":\"https:\/\/prio.swiss\/fr\/prio-swiss-soutient-le-renforcement-de-la-responsabilite-individuelle-ladaptation-de-la-franchise-minimale-permettrait-des-economies-de-12-milliard-de-francs\/\",\"name\":\"prio.swiss soutient le renforcement de la responsabilit\u00e9 individuelle : l'adaptation de la franchise minimale permettrait des \u00e9conomies de 1,2 milliard de francs - Prio.Swiss \u2013 Der Verband Schweizer Krankenversicherer\",\"isPartOf\":{\"@id\":\"https:\/\/prio.swiss\/#website\"},\"datePublished\":\"2025-03-12T10:11:06+00:00\",\"dateModified\":\"2025-08-22T12:01:43+00:00\",\"author\":{\"@id\":\"https:\/\/prio.swiss\/#\/schema\/person\/1cb8c5c9e7fd74a6b9ca9fdbcee78116\"},\"breadcrumb\":{\"@id\":\"https:\/\/prio.swiss\/fr\/prio-swiss-soutient-le-renforcement-de-la-responsabilite-individuelle-ladaptation-de-la-franchise-minimale-permettrait-des-economies-de-12-milliard-de-francs\/#breadcrumb\"},\"inLanguage\":\"fr-FR\",\"potentialAction\":[{\"@type\":\"ReadAction\",\"target\":[\"https:\/\/prio.swiss\/fr\/prio-swiss-soutient-le-renforcement-de-la-responsabilite-individuelle-ladaptation-de-la-franchise-minimale-permettrait-des-economies-de-12-milliard-de-francs\/\"]}]},{\"@type\":\"BreadcrumbList\",\"@id\":\"https:\/\/prio.swiss\/fr\/prio-swiss-soutient-le-renforcement-de-la-responsabilite-individuelle-ladaptation-de-la-franchise-minimale-permettrait-des-economies-de-12-milliard-de-francs\/#breadcrumb\",\"itemListElement\":[{\"@type\":\"ListItem\",\"position\":1,\"name\":\"Startseite\",\"item\":\"https:\/\/prio.swiss\/fr\/\"},{\"@type\":\"ListItem\",\"position\":2,\"name\":\"prio.swiss soutient le renforcement de la responsabilit\u00e9 individuelle : l&#8217;adaptation de la franchise minimale permettrait des \u00e9conomies de 1,2 milliard de francs\"}]},{\"@type\":\"WebSite\",\"@id\":\"https:\/\/prio.swiss\/#website\",\"url\":\"https:\/\/prio.swiss\/\",\"name\":\"Prio.Swiss \u2013 Der Verband Schweizer Krankenversicherer\",\"description\":\"\",\"potentialAction\":[{\"@type\":\"SearchAction\",\"target\":{\"@type\":\"EntryPoint\",\"urlTemplate\":\"https:\/\/prio.swiss\/?s={search_term_string}\"},\"query-input\":{\"@type\":\"PropertyValueSpecification\",\"valueRequired\":true,\"valueName\":\"search_term_string\"}}],\"inLanguage\":\"fr-FR\"},{\"@type\":\"Person\",\"@id\":\"https:\/\/prio.swiss\/#\/schema\/person\/1cb8c5c9e7fd74a6b9ca9fdbcee78116\",\"name\":\"admin\",\"image\":{\"@type\":\"ImageObject\",\"inLanguage\":\"fr-FR\",\"@id\":\"https:\/\/prio.swiss\/#\/schema\/person\/image\/\",\"url\":\"https:\/\/secure.gravatar.com\/avatar\/1f737e8ab53cd8d54c4dc87df139b4ab00aabf9f3101fe7ddccd23192e38f010?s=96&d=mm&r=g\",\"contentUrl\":\"https:\/\/secure.gravatar.com\/avatar\/1f737e8ab53cd8d54c4dc87df139b4ab00aabf9f3101fe7ddccd23192e38f010?s=96&d=mm&r=g\",\"caption\":\"admin\"},\"sameAs\":[\"https:\/\/prio.swiss\"]}]}<\/script>\n<!-- \/ Yoast SEO plugin. -->","yoast_head_json":{"title":"prio.swiss soutient le renforcement de la responsabilit\u00e9 individuelle : l'adaptation de la franchise minimale permettrait des \u00e9conomies de 1,2 milliard de francs - Prio.Swiss \u2013 Der Verband Schweizer Krankenversicherer","robots":{"index":"index","follow":"follow","max-snippet":"max-snippet:-1","max-image-preview":"max-image-preview:large","max-video-preview":"max-video-preview:-1"},"canonical":"https:\/\/prio.swiss\/fr\/prio-swiss-soutient-le-renforcement-de-la-responsabilite-individuelle-ladaptation-de-la-franchise-minimale-permettrait-des-economies-de-12-milliard-de-francs\/","og_locale":"fr_FR","og_type":"article","og_title":"prio.swiss soutient le renforcement de la responsabilit\u00e9 individuelle : l'adaptation de la franchise minimale permettrait des \u00e9conomies de 1,2 milliard de francs - Prio.Swiss \u2013 Der Verband Schweizer Krankenversicherer","og_description":"Le Conseil national se prononcera le 13 mars sur l'augmentation de la franchise minimale. prio.swiss, tout comme le Conseil f\u00e9d\u00e9ral, soutient cette proposition qui renforce la responsabilit\u00e9 individuelle des assur\u00e9s et permet ainsi de r\u00e9aliser des \u00e9conomies consid\u00e9rables dans l\u2019int\u00e9r\u00eat des payeurs de primes.","og_url":"https:\/\/prio.swiss\/fr\/prio-swiss-soutient-le-renforcement-de-la-responsabilite-individuelle-ladaptation-de-la-franchise-minimale-permettrait-des-economies-de-12-milliard-de-francs\/","og_site_name":"Prio.Swiss \u2013 Der Verband Schweizer Krankenversicherer","article_published_time":"2025-03-12T10:11:06+00:00","article_modified_time":"2025-08-22T12:01:43+00:00","author":"admin","twitter_card":"summary_large_image","twitter_misc":{"\u00c9crit par":"admin","Dur\u00e9e de lecture estim\u00e9e":"3 minutes"},"schema":{"@context":"https:\/\/schema.org","@graph":[{"@type":"WebPage","@id":"https:\/\/prio.swiss\/fr\/prio-swiss-soutient-le-renforcement-de-la-responsabilite-individuelle-ladaptation-de-la-franchise-minimale-permettrait-des-economies-de-12-milliard-de-francs\/","url":"https:\/\/prio.swiss\/fr\/prio-swiss-soutient-le-renforcement-de-la-responsabilite-individuelle-ladaptation-de-la-franchise-minimale-permettrait-des-economies-de-12-milliard-de-francs\/","name":"prio.swiss soutient le renforcement de la responsabilit\u00e9 individuelle : l'adaptation de la franchise minimale permettrait des \u00e9conomies de 1,2 milliard de francs - Prio.Swiss \u2013 Der Verband Schweizer Krankenversicherer","isPartOf":{"@id":"https:\/\/prio.swiss\/#website"},"datePublished":"2025-03-12T10:11:06+00:00","dateModified":"2025-08-22T12:01:43+00:00","author":{"@id":"https:\/\/prio.swiss\/#\/schema\/person\/1cb8c5c9e7fd74a6b9ca9fdbcee78116"},"breadcrumb":{"@id":"https:\/\/prio.swiss\/fr\/prio-swiss-soutient-le-renforcement-de-la-responsabilite-individuelle-ladaptation-de-la-franchise-minimale-permettrait-des-economies-de-12-milliard-de-francs\/#breadcrumb"},"inLanguage":"fr-FR","potentialAction":[{"@type":"ReadAction","target":["https:\/\/prio.swiss\/fr\/prio-swiss-soutient-le-renforcement-de-la-responsabilite-individuelle-ladaptation-de-la-franchise-minimale-permettrait-des-economies-de-12-milliard-de-francs\/"]}]},{"@type":"BreadcrumbList","@id":"https:\/\/prio.swiss\/fr\/prio-swiss-soutient-le-renforcement-de-la-responsabilite-individuelle-ladaptation-de-la-franchise-minimale-permettrait-des-economies-de-12-milliard-de-francs\/#breadcrumb","itemListElement":[{"@type":"ListItem","position":1,"name":"Startseite","item":"https:\/\/prio.swiss\/fr\/"},{"@type":"ListItem","position":2,"name":"prio.swiss soutient le renforcement de la responsabilit\u00e9 individuelle : l&#8217;adaptation de la franchise minimale permettrait des \u00e9conomies de 1,2 milliard de francs"}]},{"@type":"WebSite","@id":"https:\/\/prio.swiss\/#website","url":"https:\/\/prio.swiss\/","name":"Prio.Swiss \u2013 Der Verband Schweizer Krankenversicherer","description":"","potentialAction":[{"@type":"SearchAction","target":{"@type":"EntryPoint","urlTemplate":"https:\/\/prio.swiss\/?s={search_term_string}"},"query-input":{"@type":"PropertyValueSpecification","valueRequired":true,"valueName":"search_term_string"}}],"inLanguage":"fr-FR"},{"@type":"Person","@id":"https:\/\/prio.swiss\/#\/schema\/person\/1cb8c5c9e7fd74a6b9ca9fdbcee78116","name":"admin","image":{"@type":"ImageObject","inLanguage":"fr-FR","@id":"https:\/\/prio.swiss\/#\/schema\/person\/image\/","url":"https:\/\/secure.gravatar.com\/avatar\/1f737e8ab53cd8d54c4dc87df139b4ab00aabf9f3101fe7ddccd23192e38f010?s=96&d=mm&r=g","contentUrl":"https:\/\/secure.gravatar.com\/avatar\/1f737e8ab53cd8d54c4dc87df139b4ab00aabf9f3101fe7ddccd23192e38f010?s=96&d=mm&r=g","caption":"admin"},"sameAs":["https:\/\/prio.swiss"]}]}},"_links":{"self":[{"href":"https:\/\/prio.swiss\/fr\/wp-json\/wp\/v2\/posts\/1884","targetHints":{"allow":["GET"]}}],"collection":[{"href":"https:\/\/prio.swiss\/fr\/wp-json\/wp\/v2\/posts"}],"about":[{"href":"https:\/\/prio.swiss\/fr\/wp-json\/wp\/v2\/types\/post"}],"author":[{"embeddable":true,"href":"https:\/\/prio.swiss\/fr\/wp-json\/wp\/v2\/users\/1"}],"replies":[{"embeddable":true,"href":"https:\/\/prio.swiss\/fr\/wp-json\/wp\/v2\/comments?post=1884"}],"version-history":[{"count":9,"href":"https:\/\/prio.swiss\/fr\/wp-json\/wp\/v2\/posts\/1884\/revisions"}],"predecessor-version":[{"id":3976,"href":"https:\/\/prio.swiss\/fr\/wp-json\/wp\/v2\/posts\/1884\/revisions\/3976"}],"wp:attachment":[{"href":"https:\/\/prio.swiss\/fr\/wp-json\/wp\/v2\/media?parent=1884"}],"wp:term":[{"taxonomy":"category","embeddable":true,"href":"https:\/\/prio.swiss\/fr\/wp-json\/wp\/v2\/categories?post=1884"},{"taxonomy":"post_tag","embeddable":true,"href":"https:\/\/prio.swiss\/fr\/wp-json\/wp\/v2\/tags?post=1884"}],"curies":[{"name":"wp","href":"https:\/\/api.w.org\/{rel}","templated":true}]}}