{"id":1926,"date":"2025-03-19T10:15:28","date_gmt":"2025-03-19T10:15:28","guid":{"rendered":"https:\/\/prio.swiss\/?p=1926"},"modified":"2025-08-22T11:59:19","modified_gmt":"2025-08-22T11:59:19","slug":"planification-hospitaliere-intercantonale-ameliorer-la-coordination-renforcer-la-qualite-et-maitriser-les-couts","status":"publish","type":"post","link":"https:\/\/prio.swiss\/fr\/planification-hospitaliere-intercantonale-ameliorer-la-coordination-renforcer-la-qualite-et-maitriser-les-couts\/","title":{"rendered":"Planification hospitali\u00e8re intercantonale: am\u00e9liorer la coordination, renforcer la qualit\u00e9 et ma\u00eetriser les co\u00fbts"},"content":{"rendered":"<p>19.03.2025<\/p>\n<p><strong>Le Conseil des \u00c9tats souhaite que les cantons am\u00e9liorent leur planification hospitali\u00e8re commune et a adopt\u00e9 une motion en ce sens. Celle-ci oblige l\u00e9galement les cantons \u00e0 coordonner leurs mandats de prestations au sein de r\u00e9gions d\u2019approvisionnement en soins intercantonales et \u00e0 les attribuer conjointement. prio.swiss soutient ce pas important vers une coordination effective de la planification hospitali\u00e8re, qui permet d\u2019\u00e9viter des doublons co\u00fbteux, des inefficacit\u00e9s et un surapprovisionnement en soins. Avec \u00e0 la cl\u00e9 des investissements mieux cibl\u00e9s, une meilleure qualit\u00e9 des soins et une moindre p\u00e9nurie de personnel qualifi\u00e9.\u00a0<\/strong><\/p>\n<p>Le Conseil des \u00c9tats a adopt\u00e9 la motion \u00ab<a href=\"https:\/\/www.parlament.ch\/fr\/ratsbetrieb\/suche-curia-vista\/geschaeft?AffairId=20253017\">25.3017<\/a> &#8211; Renforcer la planification hospitali\u00e8re gr\u00e2ce \u00e0 des listes d\u2019h\u00f4pitaux intercantonales\u00bb de sa propre Commission de la s\u00e9curit\u00e9 sociale et de la sant\u00e9 publique (CSSS-E) par 41 voix contre 2 et 1 abstentions. prio.swiss soutient le but vis\u00e9 par la motion, \u00e0 savoir que la planification hospitali\u00e8re doit rester de la comp\u00e9tence des cantons. Ceux-ci connaissent les besoins r\u00e9gionaux qui doivent \u00eatre pris en compte dans le cadre d\u2019une planification suprar\u00e9gionale des soins. prio.swiss estime toutefois que la planification des soins stationnaires doit aussi \u00eatre coordonn\u00e9e de mani\u00e8re plus contraignante.<\/p>\n<p><strong>Une offre hospitali\u00e8re coordonn\u00e9e am\u00e9liore la qualit\u00e9 et r\u00e9duit les co\u00fbts<\/strong><\/p>\n<p>Car jusqu\u2019\u00e0 pr\u00e9sent, les cantons ne coordonnent souvent que leurs planifications des besoins. En revanche, les mandats de prestations attribu\u00e9s aux h\u00f4pitaux \u2013 c\u2019est-\u00e0-dire l\u2019offre effective en soins hospitaliers \u2013 ne sont gu\u00e8re coordonn\u00e9s.<\/p>\n<p>Or prio.swiss est convaincue que c\u2019est pr\u00e9cis\u00e9ment de cela dont nous avons besoin: les cantons doivent \u00e9galement coordonner les mandats de prestations aux h\u00f4pitaux et, partant, l\u2019offre effective de soins stationnaires au sein de r\u00e9gions d\u2019approvisionnement en soins intercantonales, et les attribuer conjointement. C\u2019est l\u2019unique moyen de \u00abcontenir l\u2019offre r\u00e9sidentielle, actuellement exc\u00e9dentaire, et donc de r\u00e9duire sensiblement les co\u00fbts, tout en am\u00e9liorant grandement la qualit\u00e9\u00bb, comme l\u2019argumente \u00e0 juste titre la commission dans sa motion. Les doublons co\u00fbteux, les inefficacit\u00e9s et le surapprovisionnement en soins seraient identifi\u00e9s et \u00e9limin\u00e9s tout en ciblant mieux les investissements et en att\u00e9nuant la p\u00e9nurie de personnel qualifi\u00e9.<\/p>\n<p>Une telle coordination am\u00e9liore \u00e9galement la qualit\u00e9 de l\u2019approvisionnement en soins: si les h\u00f4pitaux peuvent se concentrer sur certaines offres et ne sont plus tenus de tout proposer, ils peuvent garantir les nombres minimaux de cas et garantir ainsi une meilleure qualit\u00e9.<\/p>\n<p>Si les cantons ne s\u2019acquittent pas de leurs t\u00e2ches, la Conf\u00e9d\u00e9ration doit pouvoir intervenir \u00e0 titre subsidiaire, par analogie avec ce que pr\u00e9voient les dispositions relatives \u00e0 la m\u00e9decine hautement sp\u00e9cialis\u00e9e.<\/p>\n","protected":false},"excerpt":{"rendered":"<p>Le Conseil des \u00c9tats souhaite que les cantons am\u00e9liorent leur planification hospitali\u00e8re commune et a adopt\u00e9 une motion en ce sens. Celle-ci oblige l\u00e9galement les cantons \u00e0 coordonner leurs mandats de prestations au sein de r\u00e9gions d\u2019approvisionnement en soins intercantonales et \u00e0 les attribuer conjointement.<\/p>\n","protected":false},"author":3,"featured_media":0,"comment_status":"closed","ping_status":"closed","sticky":false,"template":"","format":"standard","meta":{"_acf_changed":false,"footnotes":""},"categories":[26],"tags":[],"class_list":["post-1926","post","type-post","status-publish","format-standard","hentry","category-communiques"],"acf":[],"yoast_head":"<!-- This site is optimized with the Yoast SEO plugin v26.6 - https:\/\/yoast.com\/wordpress\/plugins\/seo\/ -->\n<title>Planification hospitali\u00e8re intercantonale: am\u00e9liorer la coordination, renforcer la qualit\u00e9 et ma\u00eetriser les co\u00fbts - Prio.Swiss \u2013 Der Verband Schweizer Krankenversicherer<\/title>\n<meta name=\"robots\" content=\"index, follow, max-snippet:-1, max-image-preview:large, max-video-preview:-1\" \/>\n<link rel=\"canonical\" href=\"https:\/\/prio.swiss\/fr\/planification-hospitaliere-intercantonale-ameliorer-la-coordination-renforcer-la-qualite-et-maitriser-les-couts\/\" \/>\n<meta property=\"og:locale\" content=\"fr_FR\" \/>\n<meta property=\"og:type\" content=\"article\" \/>\n<meta property=\"og:title\" content=\"Planification hospitali\u00e8re intercantonale: am\u00e9liorer la coordination, renforcer la qualit\u00e9 et ma\u00eetriser les co\u00fbts - Prio.Swiss \u2013 Der Verband Schweizer Krankenversicherer\" \/>\n<meta property=\"og:description\" content=\"Le Conseil des \u00c9tats souhaite que les cantons am\u00e9liorent leur planification hospitali\u00e8re commune et a adopt\u00e9 une motion en ce sens. Celle-ci oblige l\u00e9galement les cantons \u00e0 coordonner leurs mandats de prestations au sein de r\u00e9gions d\u2019approvisionnement en soins intercantonales et \u00e0 les attribuer conjointement.\" \/>\n<meta property=\"og:url\" content=\"https:\/\/prio.swiss\/fr\/planification-hospitaliere-intercantonale-ameliorer-la-coordination-renforcer-la-qualite-et-maitriser-les-couts\/\" \/>\n<meta property=\"og:site_name\" content=\"Prio.Swiss \u2013 Der Verband Schweizer Krankenversicherer\" \/>\n<meta property=\"article:published_time\" content=\"2025-03-19T10:15:28+00:00\" \/>\n<meta property=\"article:modified_time\" content=\"2025-08-22T11:59:19+00:00\" \/>\n<meta name=\"author\" content=\"Christophe K\u00e4mpf\" \/>\n<meta name=\"twitter:card\" content=\"summary_large_image\" \/>\n<meta name=\"twitter:label1\" content=\"\u00c9crit par\" \/>\n\t<meta name=\"twitter:data1\" content=\"Christophe K\u00e4mpf\" \/>\n\t<meta name=\"twitter:label2\" content=\"Dur\u00e9e de lecture estim\u00e9e\" \/>\n\t<meta name=\"twitter:data2\" content=\"3 minutes\" \/>\n<script type=\"application\/ld+json\" class=\"yoast-schema-graph\">{\"@context\":\"https:\/\/schema.org\",\"@graph\":[{\"@type\":\"WebPage\",\"@id\":\"https:\/\/prio.swiss\/fr\/planification-hospitaliere-intercantonale-ameliorer-la-coordination-renforcer-la-qualite-et-maitriser-les-couts\/\",\"url\":\"https:\/\/prio.swiss\/fr\/planification-hospitaliere-intercantonale-ameliorer-la-coordination-renforcer-la-qualite-et-maitriser-les-couts\/\",\"name\":\"Planification hospitali\u00e8re intercantonale: am\u00e9liorer la coordination, renforcer la qualit\u00e9 et ma\u00eetriser les co\u00fbts - Prio.Swiss \u2013 Der Verband Schweizer Krankenversicherer\",\"isPartOf\":{\"@id\":\"https:\/\/prio.swiss\/#website\"},\"datePublished\":\"2025-03-19T10:15:28+00:00\",\"dateModified\":\"2025-08-22T11:59:19+00:00\",\"author\":{\"@id\":\"https:\/\/prio.swiss\/#\/schema\/person\/f6d2d2c38bf47a7f424fd9f8f15f3e7e\"},\"breadcrumb\":{\"@id\":\"https:\/\/prio.swiss\/fr\/planification-hospitaliere-intercantonale-ameliorer-la-coordination-renforcer-la-qualite-et-maitriser-les-couts\/#breadcrumb\"},\"inLanguage\":\"fr-FR\",\"potentialAction\":[{\"@type\":\"ReadAction\",\"target\":[\"https:\/\/prio.swiss\/fr\/planification-hospitaliere-intercantonale-ameliorer-la-coordination-renforcer-la-qualite-et-maitriser-les-couts\/\"]}]},{\"@type\":\"BreadcrumbList\",\"@id\":\"https:\/\/prio.swiss\/fr\/planification-hospitaliere-intercantonale-ameliorer-la-coordination-renforcer-la-qualite-et-maitriser-les-couts\/#breadcrumb\",\"itemListElement\":[{\"@type\":\"ListItem\",\"position\":1,\"name\":\"Startseite\",\"item\":\"https:\/\/prio.swiss\/fr\/\"},{\"@type\":\"ListItem\",\"position\":2,\"name\":\"Planification hospitali\u00e8re intercantonale: am\u00e9liorer la coordination, renforcer la qualit\u00e9 et ma\u00eetriser les co\u00fbts\"}]},{\"@type\":\"WebSite\",\"@id\":\"https:\/\/prio.swiss\/#website\",\"url\":\"https:\/\/prio.swiss\/\",\"name\":\"Prio.Swiss \u2013 Der Verband Schweizer Krankenversicherer\",\"description\":\"\",\"potentialAction\":[{\"@type\":\"SearchAction\",\"target\":{\"@type\":\"EntryPoint\",\"urlTemplate\":\"https:\/\/prio.swiss\/?s={search_term_string}\"},\"query-input\":{\"@type\":\"PropertyValueSpecification\",\"valueRequired\":true,\"valueName\":\"search_term_string\"}}],\"inLanguage\":\"fr-FR\"},{\"@type\":\"Person\",\"@id\":\"https:\/\/prio.swiss\/#\/schema\/person\/f6d2d2c38bf47a7f424fd9f8f15f3e7e\",\"name\":\"Christophe K\u00e4mpf\",\"image\":{\"@type\":\"ImageObject\",\"inLanguage\":\"fr-FR\",\"@id\":\"https:\/\/prio.swiss\/#\/schema\/person\/image\/\",\"url\":\"https:\/\/secure.gravatar.com\/avatar\/8ae26ec18510b2d02e59e92653e76ae9806e3f95187f618f51ccc15e919a04d4?s=96&d=mm&r=g\",\"contentUrl\":\"https:\/\/secure.gravatar.com\/avatar\/8ae26ec18510b2d02e59e92653e76ae9806e3f95187f618f51ccc15e919a04d4?s=96&d=mm&r=g\",\"caption\":\"Christophe K\u00e4mpf\"}}]}<\/script>\n<!-- \/ Yoast SEO plugin. -->","yoast_head_json":{"title":"Planification hospitali\u00e8re intercantonale: am\u00e9liorer la coordination, renforcer la qualit\u00e9 et ma\u00eetriser les co\u00fbts - Prio.Swiss \u2013 Der Verband Schweizer Krankenversicherer","robots":{"index":"index","follow":"follow","max-snippet":"max-snippet:-1","max-image-preview":"max-image-preview:large","max-video-preview":"max-video-preview:-1"},"canonical":"https:\/\/prio.swiss\/fr\/planification-hospitaliere-intercantonale-ameliorer-la-coordination-renforcer-la-qualite-et-maitriser-les-couts\/","og_locale":"fr_FR","og_type":"article","og_title":"Planification hospitali\u00e8re intercantonale: am\u00e9liorer la coordination, renforcer la qualit\u00e9 et ma\u00eetriser les co\u00fbts - Prio.Swiss \u2013 Der Verband Schweizer Krankenversicherer","og_description":"Le Conseil des \u00c9tats souhaite que les cantons am\u00e9liorent leur planification hospitali\u00e8re commune et a adopt\u00e9 une motion en ce sens. Celle-ci oblige l\u00e9galement les cantons \u00e0 coordonner leurs mandats de prestations au sein de r\u00e9gions d\u2019approvisionnement en soins intercantonales et \u00e0 les attribuer conjointement.","og_url":"https:\/\/prio.swiss\/fr\/planification-hospitaliere-intercantonale-ameliorer-la-coordination-renforcer-la-qualite-et-maitriser-les-couts\/","og_site_name":"Prio.Swiss \u2013 Der Verband Schweizer Krankenversicherer","article_published_time":"2025-03-19T10:15:28+00:00","article_modified_time":"2025-08-22T11:59:19+00:00","author":"Christophe K\u00e4mpf","twitter_card":"summary_large_image","twitter_misc":{"\u00c9crit par":"Christophe K\u00e4mpf","Dur\u00e9e de lecture estim\u00e9e":"3 minutes"},"schema":{"@context":"https:\/\/schema.org","@graph":[{"@type":"WebPage","@id":"https:\/\/prio.swiss\/fr\/planification-hospitaliere-intercantonale-ameliorer-la-coordination-renforcer-la-qualite-et-maitriser-les-couts\/","url":"https:\/\/prio.swiss\/fr\/planification-hospitaliere-intercantonale-ameliorer-la-coordination-renforcer-la-qualite-et-maitriser-les-couts\/","name":"Planification hospitali\u00e8re intercantonale: am\u00e9liorer la coordination, renforcer la qualit\u00e9 et ma\u00eetriser les co\u00fbts - Prio.Swiss \u2013 Der Verband Schweizer Krankenversicherer","isPartOf":{"@id":"https:\/\/prio.swiss\/#website"},"datePublished":"2025-03-19T10:15:28+00:00","dateModified":"2025-08-22T11:59:19+00:00","author":{"@id":"https:\/\/prio.swiss\/#\/schema\/person\/f6d2d2c38bf47a7f424fd9f8f15f3e7e"},"breadcrumb":{"@id":"https:\/\/prio.swiss\/fr\/planification-hospitaliere-intercantonale-ameliorer-la-coordination-renforcer-la-qualite-et-maitriser-les-couts\/#breadcrumb"},"inLanguage":"fr-FR","potentialAction":[{"@type":"ReadAction","target":["https:\/\/prio.swiss\/fr\/planification-hospitaliere-intercantonale-ameliorer-la-coordination-renforcer-la-qualite-et-maitriser-les-couts\/"]}]},{"@type":"BreadcrumbList","@id":"https:\/\/prio.swiss\/fr\/planification-hospitaliere-intercantonale-ameliorer-la-coordination-renforcer-la-qualite-et-maitriser-les-couts\/#breadcrumb","itemListElement":[{"@type":"ListItem","position":1,"name":"Startseite","item":"https:\/\/prio.swiss\/fr\/"},{"@type":"ListItem","position":2,"name":"Planification hospitali\u00e8re intercantonale: am\u00e9liorer la coordination, renforcer la qualit\u00e9 et ma\u00eetriser les co\u00fbts"}]},{"@type":"WebSite","@id":"https:\/\/prio.swiss\/#website","url":"https:\/\/prio.swiss\/","name":"Prio.Swiss \u2013 Der Verband Schweizer Krankenversicherer","description":"","potentialAction":[{"@type":"SearchAction","target":{"@type":"EntryPoint","urlTemplate":"https:\/\/prio.swiss\/?s={search_term_string}"},"query-input":{"@type":"PropertyValueSpecification","valueRequired":true,"valueName":"search_term_string"}}],"inLanguage":"fr-FR"},{"@type":"Person","@id":"https:\/\/prio.swiss\/#\/schema\/person\/f6d2d2c38bf47a7f424fd9f8f15f3e7e","name":"Christophe K\u00e4mpf","image":{"@type":"ImageObject","inLanguage":"fr-FR","@id":"https:\/\/prio.swiss\/#\/schema\/person\/image\/","url":"https:\/\/secure.gravatar.com\/avatar\/8ae26ec18510b2d02e59e92653e76ae9806e3f95187f618f51ccc15e919a04d4?s=96&d=mm&r=g","contentUrl":"https:\/\/secure.gravatar.com\/avatar\/8ae26ec18510b2d02e59e92653e76ae9806e3f95187f618f51ccc15e919a04d4?s=96&d=mm&r=g","caption":"Christophe K\u00e4mpf"}}]}},"_links":{"self":[{"href":"https:\/\/prio.swiss\/fr\/wp-json\/wp\/v2\/posts\/1926","targetHints":{"allow":["GET"]}}],"collection":[{"href":"https:\/\/prio.swiss\/fr\/wp-json\/wp\/v2\/posts"}],"about":[{"href":"https:\/\/prio.swiss\/fr\/wp-json\/wp\/v2\/types\/post"}],"author":[{"embeddable":true,"href":"https:\/\/prio.swiss\/fr\/wp-json\/wp\/v2\/users\/3"}],"replies":[{"embeddable":true,"href":"https:\/\/prio.swiss\/fr\/wp-json\/wp\/v2\/comments?post=1926"}],"version-history":[{"count":9,"href":"https:\/\/prio.swiss\/fr\/wp-json\/wp\/v2\/posts\/1926\/revisions"}],"predecessor-version":[{"id":3973,"href":"https:\/\/prio.swiss\/fr\/wp-json\/wp\/v2\/posts\/1926\/revisions\/3973"}],"wp:attachment":[{"href":"https:\/\/prio.swiss\/fr\/wp-json\/wp\/v2\/media?parent=1926"}],"wp:term":[{"taxonomy":"category","embeddable":true,"href":"https:\/\/prio.swiss\/fr\/wp-json\/wp\/v2\/categories?post=1926"},{"taxonomy":"post_tag","embeddable":true,"href":"https:\/\/prio.swiss\/fr\/wp-json\/wp\/v2\/tags?post=1926"}],"curies":[{"name":"wp","href":"https:\/\/api.w.org\/{rel}","templated":true}]}}