{"id":2340,"date":"2025-04-30T13:20:51","date_gmt":"2025-04-30T13:20:51","guid":{"rendered":"https:\/\/prio.swiss\/?p=2340"},"modified":"2025-08-22T11:55:16","modified_gmt":"2025-08-22T11:55:16","slug":"le-nouveau-tarif-medical-ambulatoire-est-approuve-et-sera-desormais-revise-en-continu","status":"publish","type":"post","link":"https:\/\/prio.swiss\/fr\/le-nouveau-tarif-medical-ambulatoire-est-approuve-et-sera-desormais-revise-en-continu\/","title":{"rendered":"Le nouveau tarif m\u00e9dical ambulatoire est approuv\u00e9 \u2013 et sera d\u00e9sormais r\u00e9vis\u00e9 en continu"},"content":{"rendered":"<p>30.04.2025<\/p>\n<p><strong>Le Conseil f\u00e9d\u00e9ral a approuv\u00e9 aujourd\u2019hui le nouveau tarif m\u00e9dical ambulatoire, compos\u00e9 du TARDOC et de forfaits ambulatoires, assorti de certaines exigences. En sa qualit\u00e9 de partenaire tarifaire, prio.swiss soutient le nouveau syst\u00e8me tarifaire. Les assureurs-maladie suisses se r\u00e9jouissent que la structure tarifaire puisse \u00eatre introduite au 1<sup>er<\/sup> janvier 2026 pour remplacer le TARMED devenu obsol\u00e8te. Autre point important pour prio.swiss: le nouveau syst\u00e8me tarifaire global sera, \u00e0 l\u2019avenir, r\u00e9vis\u00e9 et adapt\u00e9 en continu, afin de garantir une r\u00e9mun\u00e9ration appropri\u00e9e des prestations fournies. \u00a0\u00a0<\/strong><\/p>\n<p>\u00abAvec l\u2019approbation du Conseil f\u00e9d\u00e9ral, la voie est libre pour introduire rapidement le nouveau tarif ambulatoire et ainsi remplacer enfin le tarif TARMED, qui est totalement obsol\u00e8te et n\u2019est plus appropri\u00e9\u00bb, se r\u00e9jouit Felix Gutzwiller, pr\u00e9sident de prio.swiss.<\/p>\n<p>La nouvelle structure tarifaire doit notamment am\u00e9liorer la situation des p\u00e9diatres et des m\u00e9decins de famille, mais aussi p\u00e9renniser l\u2019ensemble du domaine ambulatoire. \u00abMais surtout, le tarif sera \u00e0 l\u2019avenir r\u00e9guli\u00e8rement actualis\u00e9, comme c\u2019est d\u00e9j\u00e0 le cas aujourd\u2019hui dans le domaine stationnaire. Cela permettra de tenir compte des progr\u00e8s de la m\u00e9decine et de garantir une r\u00e9mun\u00e9ration appropri\u00e9e des prestations fournies\u00bb, affirme Saskia Schenker, directrice de prio.swiss.<\/p>\n<p>Les partenaires tarifaires avaient convenu tr\u00e8s t\u00f4t en amont de cette mise \u00e0 jour r\u00e9guli\u00e8re. Tant les tarifs des prestations \u00e0 l\u2019acte que les forfaits ambulatoires seront examin\u00e9s et, le cas \u00e9ch\u00e9ant, adapt\u00e9s dans le cadre de processus d\u00e9j\u00e0 d\u00e9finis. La premi\u00e8re version r\u00e9vis\u00e9e en bonne et due forme du tarif global pourra ainsi entrer en vigueur d\u00e8s le 1<sup>er<\/sup> janvier 2027. L\u2019OTMA a d\u2019ores et d\u00e9j\u00e0 ouvert la proc\u00e9dure de demande \u00e0 cet effet en f\u00e9vrier dernier.<\/p>\n<p>\u00abEn sa qualit\u00e9 de partenaire tarifaire, prio.swiss s\u2019engage en faveur d\u2019un \u00absyst\u00e8me apprenant\u00bb, qui garantit une r\u00e9mun\u00e9ration aussi appropri\u00e9e que possible des prestations m\u00e9dicales fournies et identifie voire corrige rapidement les \u00e9ventuelles incitations erron\u00e9es\u00bb, explique Saskia Schenker, qui repr\u00e9sente prio.swiss au sein du conseil d\u2019administration de l\u2019OTMA.<\/p>\n<p><strong>Mettre en \u0153uvre rapidement les exigences et garantir la neutralit\u00e9 des co\u00fbts<\/strong><\/p>\n<p>Le Conseil f\u00e9d\u00e9ral a li\u00e9 l\u2019approbation du nouveau tarif m\u00e9dical \u00e0 certaines exigences. Les partenaires tarifaires s\u2019attellent maintenant sans tarder \u00e0 leur mise en \u0153uvre.<\/p>\n<p>prio.swiss invite les partenaires tarifaires \u00e0 redoubler d\u2019efforts pour permettre l\u2019introduction en bonne et due forme du nouveau tarif m\u00e9dical au 1<sup>er<\/sup> janvier 2026 et \u00e0 collaborer de mani\u00e8re constructive aux r\u00e9visions pr\u00e9vues.<\/p>\n<p>\u00abIl est crucial pour les assureurs-maladie que le principe de la neutralit\u00e9 des co\u00fbts, qui \u00e9tait \u00e0 la base du mandat initial confi\u00e9 aux partenaires tarifaires, soit pr\u00e9serv\u00e9 et que les adaptations ne se fassent pas au d\u00e9triment des payeurs de primes\u00bb, souligne la directrice de prio.swiss.<\/p>\n","protected":false},"excerpt":{"rendered":"<p>Le Conseil f\u00e9d\u00e9ral a approuv\u00e9 aujourd\u2019hui le nouveau tarif m\u00e9dical ambulatoire, compos\u00e9 du TARDOC et de forfaits ambulatoires, assorti de certaines exigences. En sa qualit\u00e9 de partenaire tarifaire, prio.swiss soutient le nouveau syst\u00e8me tarifaire.<\/p>\n","protected":false},"author":3,"featured_media":0,"comment_status":"closed","ping_status":"closed","sticky":false,"template":"","format":"standard","meta":{"_acf_changed":false,"footnotes":""},"categories":[26],"tags":[],"class_list":["post-2340","post","type-post","status-publish","format-standard","hentry","category-communiques"],"acf":[],"yoast_head":"<!-- This site is optimized with the Yoast SEO plugin v26.6 - https:\/\/yoast.com\/wordpress\/plugins\/seo\/ -->\n<title>Le nouveau tarif m\u00e9dical ambulatoire est approuv\u00e9 \u2013 et sera d\u00e9sormais r\u00e9vis\u00e9 en continu - Prio.Swiss \u2013 Der Verband Schweizer Krankenversicherer<\/title>\n<meta name=\"robots\" content=\"index, follow, max-snippet:-1, max-image-preview:large, max-video-preview:-1\" \/>\n<link rel=\"canonical\" href=\"https:\/\/prio.swiss\/fr\/le-nouveau-tarif-medical-ambulatoire-est-approuve-et-sera-desormais-revise-en-continu\/\" \/>\n<meta property=\"og:locale\" content=\"fr_FR\" \/>\n<meta property=\"og:type\" content=\"article\" \/>\n<meta property=\"og:title\" content=\"Le nouveau tarif m\u00e9dical ambulatoire est approuv\u00e9 \u2013 et sera d\u00e9sormais r\u00e9vis\u00e9 en continu - Prio.Swiss \u2013 Der Verband Schweizer Krankenversicherer\" \/>\n<meta property=\"og:description\" content=\"Le Conseil f\u00e9d\u00e9ral a approuv\u00e9 aujourd\u2019hui le nouveau tarif m\u00e9dical ambulatoire, compos\u00e9 du TARDOC et de forfaits ambulatoires, assorti de certaines exigences. En sa qualit\u00e9 de partenaire tarifaire, prio.swiss soutient le nouveau syst\u00e8me tarifaire.\" \/>\n<meta property=\"og:url\" content=\"https:\/\/prio.swiss\/fr\/le-nouveau-tarif-medical-ambulatoire-est-approuve-et-sera-desormais-revise-en-continu\/\" \/>\n<meta property=\"og:site_name\" content=\"Prio.Swiss \u2013 Der Verband Schweizer Krankenversicherer\" \/>\n<meta property=\"article:published_time\" content=\"2025-04-30T13:20:51+00:00\" \/>\n<meta property=\"article:modified_time\" content=\"2025-08-22T11:55:16+00:00\" \/>\n<meta name=\"author\" content=\"Christophe K\u00e4mpf\" \/>\n<meta name=\"twitter:card\" content=\"summary_large_image\" \/>\n<meta name=\"twitter:label1\" content=\"\u00c9crit par\" \/>\n\t<meta name=\"twitter:data1\" content=\"Christophe K\u00e4mpf\" \/>\n\t<meta name=\"twitter:label2\" content=\"Dur\u00e9e de lecture estim\u00e9e\" \/>\n\t<meta name=\"twitter:data2\" content=\"3 minutes\" \/>\n<script type=\"application\/ld+json\" class=\"yoast-schema-graph\">{\"@context\":\"https:\/\/schema.org\",\"@graph\":[{\"@type\":\"WebPage\",\"@id\":\"https:\/\/prio.swiss\/fr\/le-nouveau-tarif-medical-ambulatoire-est-approuve-et-sera-desormais-revise-en-continu\/\",\"url\":\"https:\/\/prio.swiss\/fr\/le-nouveau-tarif-medical-ambulatoire-est-approuve-et-sera-desormais-revise-en-continu\/\",\"name\":\"Le nouveau tarif m\u00e9dical ambulatoire est approuv\u00e9 \u2013 et sera d\u00e9sormais r\u00e9vis\u00e9 en continu - Prio.Swiss \u2013 Der Verband Schweizer Krankenversicherer\",\"isPartOf\":{\"@id\":\"https:\/\/prio.swiss\/#website\"},\"datePublished\":\"2025-04-30T13:20:51+00:00\",\"dateModified\":\"2025-08-22T11:55:16+00:00\",\"author\":{\"@id\":\"https:\/\/prio.swiss\/#\/schema\/person\/f6d2d2c38bf47a7f424fd9f8f15f3e7e\"},\"breadcrumb\":{\"@id\":\"https:\/\/prio.swiss\/fr\/le-nouveau-tarif-medical-ambulatoire-est-approuve-et-sera-desormais-revise-en-continu\/#breadcrumb\"},\"inLanguage\":\"fr-FR\",\"potentialAction\":[{\"@type\":\"ReadAction\",\"target\":[\"https:\/\/prio.swiss\/fr\/le-nouveau-tarif-medical-ambulatoire-est-approuve-et-sera-desormais-revise-en-continu\/\"]}]},{\"@type\":\"BreadcrumbList\",\"@id\":\"https:\/\/prio.swiss\/fr\/le-nouveau-tarif-medical-ambulatoire-est-approuve-et-sera-desormais-revise-en-continu\/#breadcrumb\",\"itemListElement\":[{\"@type\":\"ListItem\",\"position\":1,\"name\":\"Startseite\",\"item\":\"https:\/\/prio.swiss\/fr\/\"},{\"@type\":\"ListItem\",\"position\":2,\"name\":\"Le nouveau tarif m\u00e9dical ambulatoire est approuv\u00e9 \u2013 et sera d\u00e9sormais r\u00e9vis\u00e9 en continu\"}]},{\"@type\":\"WebSite\",\"@id\":\"https:\/\/prio.swiss\/#website\",\"url\":\"https:\/\/prio.swiss\/\",\"name\":\"Prio.Swiss \u2013 Der Verband Schweizer Krankenversicherer\",\"description\":\"\",\"potentialAction\":[{\"@type\":\"SearchAction\",\"target\":{\"@type\":\"EntryPoint\",\"urlTemplate\":\"https:\/\/prio.swiss\/?s={search_term_string}\"},\"query-input\":{\"@type\":\"PropertyValueSpecification\",\"valueRequired\":true,\"valueName\":\"search_term_string\"}}],\"inLanguage\":\"fr-FR\"},{\"@type\":\"Person\",\"@id\":\"https:\/\/prio.swiss\/#\/schema\/person\/f6d2d2c38bf47a7f424fd9f8f15f3e7e\",\"name\":\"Christophe K\u00e4mpf\",\"image\":{\"@type\":\"ImageObject\",\"inLanguage\":\"fr-FR\",\"@id\":\"https:\/\/prio.swiss\/#\/schema\/person\/image\/\",\"url\":\"https:\/\/secure.gravatar.com\/avatar\/8ae26ec18510b2d02e59e92653e76ae9806e3f95187f618f51ccc15e919a04d4?s=96&d=mm&r=g\",\"contentUrl\":\"https:\/\/secure.gravatar.com\/avatar\/8ae26ec18510b2d02e59e92653e76ae9806e3f95187f618f51ccc15e919a04d4?s=96&d=mm&r=g\",\"caption\":\"Christophe K\u00e4mpf\"}}]}<\/script>\n<!-- \/ Yoast SEO plugin. -->","yoast_head_json":{"title":"Le nouveau tarif m\u00e9dical ambulatoire est approuv\u00e9 \u2013 et sera d\u00e9sormais r\u00e9vis\u00e9 en continu - Prio.Swiss \u2013 Der Verband Schweizer Krankenversicherer","robots":{"index":"index","follow":"follow","max-snippet":"max-snippet:-1","max-image-preview":"max-image-preview:large","max-video-preview":"max-video-preview:-1"},"canonical":"https:\/\/prio.swiss\/fr\/le-nouveau-tarif-medical-ambulatoire-est-approuve-et-sera-desormais-revise-en-continu\/","og_locale":"fr_FR","og_type":"article","og_title":"Le nouveau tarif m\u00e9dical ambulatoire est approuv\u00e9 \u2013 et sera d\u00e9sormais r\u00e9vis\u00e9 en continu - Prio.Swiss \u2013 Der Verband Schweizer Krankenversicherer","og_description":"Le Conseil f\u00e9d\u00e9ral a approuv\u00e9 aujourd\u2019hui le nouveau tarif m\u00e9dical ambulatoire, compos\u00e9 du TARDOC et de forfaits ambulatoires, assorti de certaines exigences. En sa qualit\u00e9 de partenaire tarifaire, prio.swiss soutient le nouveau syst\u00e8me tarifaire.","og_url":"https:\/\/prio.swiss\/fr\/le-nouveau-tarif-medical-ambulatoire-est-approuve-et-sera-desormais-revise-en-continu\/","og_site_name":"Prio.Swiss \u2013 Der Verband Schweizer Krankenversicherer","article_published_time":"2025-04-30T13:20:51+00:00","article_modified_time":"2025-08-22T11:55:16+00:00","author":"Christophe K\u00e4mpf","twitter_card":"summary_large_image","twitter_misc":{"\u00c9crit par":"Christophe K\u00e4mpf","Dur\u00e9e de lecture estim\u00e9e":"3 minutes"},"schema":{"@context":"https:\/\/schema.org","@graph":[{"@type":"WebPage","@id":"https:\/\/prio.swiss\/fr\/le-nouveau-tarif-medical-ambulatoire-est-approuve-et-sera-desormais-revise-en-continu\/","url":"https:\/\/prio.swiss\/fr\/le-nouveau-tarif-medical-ambulatoire-est-approuve-et-sera-desormais-revise-en-continu\/","name":"Le nouveau tarif m\u00e9dical ambulatoire est approuv\u00e9 \u2013 et sera d\u00e9sormais r\u00e9vis\u00e9 en continu - Prio.Swiss \u2013 Der Verband Schweizer Krankenversicherer","isPartOf":{"@id":"https:\/\/prio.swiss\/#website"},"datePublished":"2025-04-30T13:20:51+00:00","dateModified":"2025-08-22T11:55:16+00:00","author":{"@id":"https:\/\/prio.swiss\/#\/schema\/person\/f6d2d2c38bf47a7f424fd9f8f15f3e7e"},"breadcrumb":{"@id":"https:\/\/prio.swiss\/fr\/le-nouveau-tarif-medical-ambulatoire-est-approuve-et-sera-desormais-revise-en-continu\/#breadcrumb"},"inLanguage":"fr-FR","potentialAction":[{"@type":"ReadAction","target":["https:\/\/prio.swiss\/fr\/le-nouveau-tarif-medical-ambulatoire-est-approuve-et-sera-desormais-revise-en-continu\/"]}]},{"@type":"BreadcrumbList","@id":"https:\/\/prio.swiss\/fr\/le-nouveau-tarif-medical-ambulatoire-est-approuve-et-sera-desormais-revise-en-continu\/#breadcrumb","itemListElement":[{"@type":"ListItem","position":1,"name":"Startseite","item":"https:\/\/prio.swiss\/fr\/"},{"@type":"ListItem","position":2,"name":"Le nouveau tarif m\u00e9dical ambulatoire est approuv\u00e9 \u2013 et sera d\u00e9sormais r\u00e9vis\u00e9 en continu"}]},{"@type":"WebSite","@id":"https:\/\/prio.swiss\/#website","url":"https:\/\/prio.swiss\/","name":"Prio.Swiss \u2013 Der Verband Schweizer Krankenversicherer","description":"","potentialAction":[{"@type":"SearchAction","target":{"@type":"EntryPoint","urlTemplate":"https:\/\/prio.swiss\/?s={search_term_string}"},"query-input":{"@type":"PropertyValueSpecification","valueRequired":true,"valueName":"search_term_string"}}],"inLanguage":"fr-FR"},{"@type":"Person","@id":"https:\/\/prio.swiss\/#\/schema\/person\/f6d2d2c38bf47a7f424fd9f8f15f3e7e","name":"Christophe K\u00e4mpf","image":{"@type":"ImageObject","inLanguage":"fr-FR","@id":"https:\/\/prio.swiss\/#\/schema\/person\/image\/","url":"https:\/\/secure.gravatar.com\/avatar\/8ae26ec18510b2d02e59e92653e76ae9806e3f95187f618f51ccc15e919a04d4?s=96&d=mm&r=g","contentUrl":"https:\/\/secure.gravatar.com\/avatar\/8ae26ec18510b2d02e59e92653e76ae9806e3f95187f618f51ccc15e919a04d4?s=96&d=mm&r=g","caption":"Christophe K\u00e4mpf"}}]}},"_links":{"self":[{"href":"https:\/\/prio.swiss\/fr\/wp-json\/wp\/v2\/posts\/2340","targetHints":{"allow":["GET"]}}],"collection":[{"href":"https:\/\/prio.swiss\/fr\/wp-json\/wp\/v2\/posts"}],"about":[{"href":"https:\/\/prio.swiss\/fr\/wp-json\/wp\/v2\/types\/post"}],"author":[{"embeddable":true,"href":"https:\/\/prio.swiss\/fr\/wp-json\/wp\/v2\/users\/3"}],"replies":[{"embeddable":true,"href":"https:\/\/prio.swiss\/fr\/wp-json\/wp\/v2\/comments?post=2340"}],"version-history":[{"count":11,"href":"https:\/\/prio.swiss\/fr\/wp-json\/wp\/v2\/posts\/2340\/revisions"}],"predecessor-version":[{"id":3970,"href":"https:\/\/prio.swiss\/fr\/wp-json\/wp\/v2\/posts\/2340\/revisions\/3970"}],"wp:attachment":[{"href":"https:\/\/prio.swiss\/fr\/wp-json\/wp\/v2\/media?parent=2340"}],"wp:term":[{"taxonomy":"category","embeddable":true,"href":"https:\/\/prio.swiss\/fr\/wp-json\/wp\/v2\/categories?post=2340"},{"taxonomy":"post_tag","embeddable":true,"href":"https:\/\/prio.swiss\/fr\/wp-json\/wp\/v2\/tags?post=2340"}],"curies":[{"name":"wp","href":"https:\/\/api.w.org\/{rel}","templated":true}]}}