{"id":2694,"date":"2025-05-27T08:00:12","date_gmt":"2025-05-27T08:00:12","guid":{"rendered":"https:\/\/prio.swiss\/?p=2694"},"modified":"2025-08-22T11:46:28","modified_gmt":"2025-08-22T11:46:28","slug":"mise-en-oeuvre-reussie-de-la-convention-de-qualite-entre-les-hopitaux-et-les-cliniques-ainsi-que-les-assureurs","status":"publish","type":"post","link":"https:\/\/prio.swiss\/fr\/mise-en-oeuvre-reussie-de-la-convention-de-qualite-entre-les-hopitaux-et-les-cliniques-ainsi-que-les-assureurs\/","title":{"rendered":"Mise en \u0153uvre r\u00e9ussie de la convention de qualit\u00e9 entre les h\u00f4pitaux et les cliniques ainsi que les assureurs"},"content":{"rendered":"<p>27.05.2025<\/p>\n<p><strong>La convention de qualit\u00e9 en vertu de l\u2019art 58a LAMal conclue entre l\u2019association des h\u00f4pitaux H+ et l\u2019association des assureurs-maladie prio.swiss est en vigueur depuis une ann\u00e9e. Il en va de m\u00eame de celle \u00e9labor\u00e9e en parall\u00e8le avec la Commission des Tarifs M\u00e9dicaux (CTM). Apr\u00e8s un an d\u2019application, les r\u00e9sultats confirment la priorit\u00e9 \u00e9lev\u00e9e que les institutions de sant\u00e9 accordent \u00e0 cette question. Plus de 90% des h\u00f4pitaux et des cliniques suisses ont particip\u00e9 \u00e0 la premi\u00e8re autod\u00e9claration et 60% ont d\u00e9j\u00e0 enti\u00e8rement mis en place leur syst\u00e8me de gestion de la qualit\u00e9. D\u00e8s 2026, suivront les contr\u00f4les de routine obligatoires. D\u2019ici l\u00e0, les audits pilotes permettront d\u2019optimiser la proc\u00e9dure. Toutes les donn\u00e9es et les r\u00e9sultats font l\u2019objet d\u2019une publication sur le site Web <\/strong><a href=\"https:\/\/www.info-hopitaux.ch\/\"><strong>info-hopitaux.ch<\/strong><\/a><strong>. La collaboration bien coordonn\u00e9e entre les h\u00f4pitaux et les assureurs souligne l\u2019objectif commun, \u00e0 savoir un d\u00e9veloppement durable de la qualit\u00e9 des traitements et de la s\u00e9curit\u00e9 des patients.<\/strong><\/p>\n<p>Le Conseil f\u00e9d\u00e9ral a approuv\u00e9 et fait entrer en vigueur en mai 2024 la convention de qualit\u00e9 en vertu de l\u2019art. 58a LAMal conclue entre les h\u00f4pitaux et cliniques (H+) ainsi que ples assureurs maladie (prio.swiss d\u00e8s janvier 2025). Parall\u00e8lement, la convention qualit\u00e9 identique conform\u00e9ment \u00e0 l\u2019art. 58a LAMal est entr\u00e9e en vigueur entre les h\u00f4pitaux et cliniques (H+), la Commission des tarifs m\u00e9dicaux LAA (CTM) ainsi que l\u2019assurance-invalidit\u00e9 et l\u2019assurance militaire. Des jalons ont d\u00e9j\u00e0 pu \u00eatre pos\u00e9s durant la premi\u00e8re ann\u00e9e d\u2019application. Les activit\u00e9s se sont concentr\u00e9es sur la mise en place de syst\u00e8mes de gestion de la qualit\u00e9 (SGQ) dans les h\u00f4pitaux et les cliniques ainsi que sur les travaux pr\u00e9paratoires en vue des futurs contr\u00f4les. La bonne et \u00e9troite collaboration entre les h\u00f4pitaux et les assureurs permet une mise en \u0153uvre coordonn\u00e9e.<\/p>\n<p><strong>R\u00e9sultat positif de l\u2019autod\u00e9claration<\/strong><\/p>\n<p>Dans un premier temps, tous les h\u00f4pitaux et cliniques suisses ont \u00e9t\u00e9 appel\u00e9s l\u2019an dernier \u00e0 remplir une autod\u00e9claration sur l\u2019avancement de la mise en \u0153uvre des syst\u00e8mes de gestion de la qualit\u00e9 (SGQ) et de la culture de la qualit\u00e9. Pas moins de 90% des h\u00f4pitaux et des cliniques l\u2019ont fait. Cela t\u00e9moigne de l\u2019importance accord\u00e9e \u00e0 cette question par la grande majorit\u00e9 des institutions. Plus de 60% ont d\u00e9j\u00e0 enti\u00e8rement introduit leur syst\u00e8me de gestion de la qualit\u00e9. Et 30% ont d\u00e9j\u00e0 d\u00e9marr\u00e9 mais pas encore achev\u00e9 ces travaux. En outre, plus des trois quarts disposent d\u2019un <em>Critical Incident Reporting System<\/em> (CIRS), un syst\u00e8me de d\u00e9claration anonyme des \u00e9v\u00e8nements critiques, alors que 15% sont en train d\u2019en impl\u00e9menter un. Toutes les informations \u00e0 ce sujet sont disponibles sur <a href=\"https:\/\/www.info-hopitaux.ch\/\">info-hopitaux.ch<\/a>.<\/p>\n<p><strong>Premiers contr\u00f4les pilotes<\/strong> <strong>en cours<\/strong><\/p>\n<p>\u00c0 l\u2019avenir, les autod\u00e9clarations des h\u00f4pitaux et des cliniques seront confirm\u00e9es par des contr\u00f4les externes ind\u00e9pendants. En 2025, ces organes r\u00e9alisent des contr\u00f4les pilotes dans une s\u00e9lection d\u2019h\u00f4pitaux et de cliniques pour tester et optimiser la proc\u00e9dure. D\u00e8s 2026, les contr\u00f4les de routine renforceront encore le caract\u00e8re obligatoire du d\u00e9veloppement de la qualit\u00e9.<\/p>\n<p><strong>D\u00e9veloppement transparent de la qualit\u00e9<\/strong><\/p>\n<p>Avec la convention de qualit\u00e9, les h\u00f4pitaux, les cliniques et les assureurs remplissent les prescriptions l\u00e9gales. En parall\u00e8le, une culture du d\u00e9veloppement de la qualit\u00e9 est \u00e9galement cr\u00e9\u00e9e dans la branche hospitali\u00e8re. L\u2019objectif est clairement de d\u00e9velopper et d\u2019am\u00e9liorer en continu la qualit\u00e9 des traitements et la s\u00e9curit\u00e9 des patients. La transparence joue ici un r\u00f4le important: toutes les mesures d\u2019am\u00e9lioration de la qualit\u00e9, l\u2019avancement de leur introduction ainsi que les r\u00e9sultats des contr\u00f4les ind\u00e9pendants sont publi\u00e9s sur le site <a href=\"https:\/\/www.info-hopitaux.ch\/\">info-hopitaux.ch<\/a>. Tous ces travaux constituent une base solide pour le perfectionnement de la qualit\u00e9. Ces prochaines ann\u00e9es, ces efforts devront se poursuivre et de nouveaux progr\u00e8s devront \u00eatre r\u00e9alis\u00e9s.<\/p>\n","protected":false},"excerpt":{"rendered":"<p>La convention de qualit\u00e9 en vertu de l\u2019art 58a LAMal conclue entre l\u2019association des h\u00f4pitaux H+ et l\u2019association des assureurs-maladie prio.swiss est en vigueur depuis une ann\u00e9e. Il en va de m\u00eame de celle \u00e9labor\u00e9e en parall\u00e8le avec la Commission des Tarifs M\u00e9dicaux (CTM).<\/p>\n","protected":false},"author":5,"featured_media":0,"comment_status":"closed","ping_status":"closed","sticky":false,"template":"","format":"standard","meta":{"_acf_changed":false,"footnotes":""},"categories":[26],"tags":[],"class_list":["post-2694","post","type-post","status-publish","format-standard","hentry","category-communiques"],"acf":[],"yoast_head":"<!-- This site is optimized with the Yoast SEO plugin v26.6 - https:\/\/yoast.com\/wordpress\/plugins\/seo\/ -->\n<title>Mise en \u0153uvre r\u00e9ussie de la convention de qualit\u00e9 entre les h\u00f4pitaux et les cliniques ainsi que les assureurs - Prio.Swiss \u2013 Der Verband Schweizer Krankenversicherer<\/title>\n<meta name=\"robots\" content=\"index, follow, max-snippet:-1, max-image-preview:large, max-video-preview:-1\" \/>\n<link rel=\"canonical\" href=\"https:\/\/prio.swiss\/fr\/mise-en-oeuvre-reussie-de-la-convention-de-qualite-entre-les-hopitaux-et-les-cliniques-ainsi-que-les-assureurs\/\" \/>\n<meta property=\"og:locale\" content=\"fr_FR\" \/>\n<meta property=\"og:type\" content=\"article\" \/>\n<meta property=\"og:title\" content=\"Mise en \u0153uvre r\u00e9ussie de la convention de qualit\u00e9 entre les h\u00f4pitaux et les cliniques ainsi que les assureurs - Prio.Swiss \u2013 Der Verband Schweizer Krankenversicherer\" \/>\n<meta property=\"og:description\" content=\"La convention de qualit\u00e9 en vertu de l\u2019art 58a LAMal conclue entre l\u2019association des h\u00f4pitaux H+ et l\u2019association des assureurs-maladie prio.swiss est en vigueur depuis une ann\u00e9e. Il en va de m\u00eame de celle \u00e9labor\u00e9e en parall\u00e8le avec la Commission des Tarifs M\u00e9dicaux (CTM).\" \/>\n<meta property=\"og:url\" content=\"https:\/\/prio.swiss\/fr\/mise-en-oeuvre-reussie-de-la-convention-de-qualite-entre-les-hopitaux-et-les-cliniques-ainsi-que-les-assureurs\/\" \/>\n<meta property=\"og:site_name\" content=\"Prio.Swiss \u2013 Der Verband Schweizer Krankenversicherer\" \/>\n<meta property=\"article:published_time\" content=\"2025-05-27T08:00:12+00:00\" \/>\n<meta property=\"article:modified_time\" content=\"2025-08-22T11:46:28+00:00\" \/>\n<meta name=\"author\" content=\"Ivo Giudicetti\" \/>\n<meta name=\"twitter:card\" content=\"summary_large_image\" \/>\n<meta name=\"twitter:label1\" content=\"\u00c9crit par\" \/>\n\t<meta name=\"twitter:data1\" content=\"Ivo Giudicetti\" \/>\n\t<meta name=\"twitter:label2\" content=\"Dur\u00e9e de lecture estim\u00e9e\" \/>\n\t<meta name=\"twitter:data2\" content=\"4 minutes\" \/>\n<script type=\"application\/ld+json\" class=\"yoast-schema-graph\">{\"@context\":\"https:\/\/schema.org\",\"@graph\":[{\"@type\":\"WebPage\",\"@id\":\"https:\/\/prio.swiss\/fr\/mise-en-oeuvre-reussie-de-la-convention-de-qualite-entre-les-hopitaux-et-les-cliniques-ainsi-que-les-assureurs\/\",\"url\":\"https:\/\/prio.swiss\/fr\/mise-en-oeuvre-reussie-de-la-convention-de-qualite-entre-les-hopitaux-et-les-cliniques-ainsi-que-les-assureurs\/\",\"name\":\"Mise en \u0153uvre r\u00e9ussie de la convention de qualit\u00e9 entre les h\u00f4pitaux et les cliniques ainsi que les assureurs - Prio.Swiss \u2013 Der Verband Schweizer Krankenversicherer\",\"isPartOf\":{\"@id\":\"https:\/\/prio.swiss\/#website\"},\"datePublished\":\"2025-05-27T08:00:12+00:00\",\"dateModified\":\"2025-08-22T11:46:28+00:00\",\"author\":{\"@id\":\"https:\/\/prio.swiss\/#\/schema\/person\/4d9497c27b718f03a1e874527475adea\"},\"breadcrumb\":{\"@id\":\"https:\/\/prio.swiss\/fr\/mise-en-oeuvre-reussie-de-la-convention-de-qualite-entre-les-hopitaux-et-les-cliniques-ainsi-que-les-assureurs\/#breadcrumb\"},\"inLanguage\":\"fr-FR\",\"potentialAction\":[{\"@type\":\"ReadAction\",\"target\":[\"https:\/\/prio.swiss\/fr\/mise-en-oeuvre-reussie-de-la-convention-de-qualite-entre-les-hopitaux-et-les-cliniques-ainsi-que-les-assureurs\/\"]}]},{\"@type\":\"BreadcrumbList\",\"@id\":\"https:\/\/prio.swiss\/fr\/mise-en-oeuvre-reussie-de-la-convention-de-qualite-entre-les-hopitaux-et-les-cliniques-ainsi-que-les-assureurs\/#breadcrumb\",\"itemListElement\":[{\"@type\":\"ListItem\",\"position\":1,\"name\":\"Startseite\",\"item\":\"https:\/\/prio.swiss\/fr\/\"},{\"@type\":\"ListItem\",\"position\":2,\"name\":\"Mise en \u0153uvre r\u00e9ussie de la convention de qualit\u00e9 entre les h\u00f4pitaux et les cliniques ainsi que les assureurs\"}]},{\"@type\":\"WebSite\",\"@id\":\"https:\/\/prio.swiss\/#website\",\"url\":\"https:\/\/prio.swiss\/\",\"name\":\"Prio.Swiss \u2013 Der Verband Schweizer Krankenversicherer\",\"description\":\"\",\"potentialAction\":[{\"@type\":\"SearchAction\",\"target\":{\"@type\":\"EntryPoint\",\"urlTemplate\":\"https:\/\/prio.swiss\/?s={search_term_string}\"},\"query-input\":{\"@type\":\"PropertyValueSpecification\",\"valueRequired\":true,\"valueName\":\"search_term_string\"}}],\"inLanguage\":\"fr-FR\"},{\"@type\":\"Person\",\"@id\":\"https:\/\/prio.swiss\/#\/schema\/person\/4d9497c27b718f03a1e874527475adea\",\"name\":\"Ivo Giudicetti\",\"image\":{\"@type\":\"ImageObject\",\"inLanguage\":\"fr-FR\",\"@id\":\"https:\/\/prio.swiss\/#\/schema\/person\/image\/\",\"url\":\"https:\/\/secure.gravatar.com\/avatar\/a9556a66894283924e2a939c86ab0cdd52d95066a830df044151992e554b0577?s=96&d=mm&r=g\",\"contentUrl\":\"https:\/\/secure.gravatar.com\/avatar\/a9556a66894283924e2a939c86ab0cdd52d95066a830df044151992e554b0577?s=96&d=mm&r=g\",\"caption\":\"Ivo Giudicetti\"}}]}<\/script>\n<!-- \/ Yoast SEO plugin. -->","yoast_head_json":{"title":"Mise en \u0153uvre r\u00e9ussie de la convention de qualit\u00e9 entre les h\u00f4pitaux et les cliniques ainsi que les assureurs - Prio.Swiss \u2013 Der Verband Schweizer Krankenversicherer","robots":{"index":"index","follow":"follow","max-snippet":"max-snippet:-1","max-image-preview":"max-image-preview:large","max-video-preview":"max-video-preview:-1"},"canonical":"https:\/\/prio.swiss\/fr\/mise-en-oeuvre-reussie-de-la-convention-de-qualite-entre-les-hopitaux-et-les-cliniques-ainsi-que-les-assureurs\/","og_locale":"fr_FR","og_type":"article","og_title":"Mise en \u0153uvre r\u00e9ussie de la convention de qualit\u00e9 entre les h\u00f4pitaux et les cliniques ainsi que les assureurs - Prio.Swiss \u2013 Der Verband Schweizer Krankenversicherer","og_description":"La convention de qualit\u00e9 en vertu de l\u2019art 58a LAMal conclue entre l\u2019association des h\u00f4pitaux H+ et l\u2019association des assureurs-maladie prio.swiss est en vigueur depuis une ann\u00e9e. Il en va de m\u00eame de celle \u00e9labor\u00e9e en parall\u00e8le avec la Commission des Tarifs M\u00e9dicaux (CTM).","og_url":"https:\/\/prio.swiss\/fr\/mise-en-oeuvre-reussie-de-la-convention-de-qualite-entre-les-hopitaux-et-les-cliniques-ainsi-que-les-assureurs\/","og_site_name":"Prio.Swiss \u2013 Der Verband Schweizer Krankenversicherer","article_published_time":"2025-05-27T08:00:12+00:00","article_modified_time":"2025-08-22T11:46:28+00:00","author":"Ivo Giudicetti","twitter_card":"summary_large_image","twitter_misc":{"\u00c9crit par":"Ivo Giudicetti","Dur\u00e9e de lecture estim\u00e9e":"4 minutes"},"schema":{"@context":"https:\/\/schema.org","@graph":[{"@type":"WebPage","@id":"https:\/\/prio.swiss\/fr\/mise-en-oeuvre-reussie-de-la-convention-de-qualite-entre-les-hopitaux-et-les-cliniques-ainsi-que-les-assureurs\/","url":"https:\/\/prio.swiss\/fr\/mise-en-oeuvre-reussie-de-la-convention-de-qualite-entre-les-hopitaux-et-les-cliniques-ainsi-que-les-assureurs\/","name":"Mise en \u0153uvre r\u00e9ussie de la convention de qualit\u00e9 entre les h\u00f4pitaux et les cliniques ainsi que les assureurs - Prio.Swiss \u2013 Der Verband Schweizer Krankenversicherer","isPartOf":{"@id":"https:\/\/prio.swiss\/#website"},"datePublished":"2025-05-27T08:00:12+00:00","dateModified":"2025-08-22T11:46:28+00:00","author":{"@id":"https:\/\/prio.swiss\/#\/schema\/person\/4d9497c27b718f03a1e874527475adea"},"breadcrumb":{"@id":"https:\/\/prio.swiss\/fr\/mise-en-oeuvre-reussie-de-la-convention-de-qualite-entre-les-hopitaux-et-les-cliniques-ainsi-que-les-assureurs\/#breadcrumb"},"inLanguage":"fr-FR","potentialAction":[{"@type":"ReadAction","target":["https:\/\/prio.swiss\/fr\/mise-en-oeuvre-reussie-de-la-convention-de-qualite-entre-les-hopitaux-et-les-cliniques-ainsi-que-les-assureurs\/"]}]},{"@type":"BreadcrumbList","@id":"https:\/\/prio.swiss\/fr\/mise-en-oeuvre-reussie-de-la-convention-de-qualite-entre-les-hopitaux-et-les-cliniques-ainsi-que-les-assureurs\/#breadcrumb","itemListElement":[{"@type":"ListItem","position":1,"name":"Startseite","item":"https:\/\/prio.swiss\/fr\/"},{"@type":"ListItem","position":2,"name":"Mise en \u0153uvre r\u00e9ussie de la convention de qualit\u00e9 entre les h\u00f4pitaux et les cliniques ainsi que les assureurs"}]},{"@type":"WebSite","@id":"https:\/\/prio.swiss\/#website","url":"https:\/\/prio.swiss\/","name":"Prio.Swiss \u2013 Der Verband Schweizer Krankenversicherer","description":"","potentialAction":[{"@type":"SearchAction","target":{"@type":"EntryPoint","urlTemplate":"https:\/\/prio.swiss\/?s={search_term_string}"},"query-input":{"@type":"PropertyValueSpecification","valueRequired":true,"valueName":"search_term_string"}}],"inLanguage":"fr-FR"},{"@type":"Person","@id":"https:\/\/prio.swiss\/#\/schema\/person\/4d9497c27b718f03a1e874527475adea","name":"Ivo Giudicetti","image":{"@type":"ImageObject","inLanguage":"fr-FR","@id":"https:\/\/prio.swiss\/#\/schema\/person\/image\/","url":"https:\/\/secure.gravatar.com\/avatar\/a9556a66894283924e2a939c86ab0cdd52d95066a830df044151992e554b0577?s=96&d=mm&r=g","contentUrl":"https:\/\/secure.gravatar.com\/avatar\/a9556a66894283924e2a939c86ab0cdd52d95066a830df044151992e554b0577?s=96&d=mm&r=g","caption":"Ivo Giudicetti"}}]}},"_links":{"self":[{"href":"https:\/\/prio.swiss\/fr\/wp-json\/wp\/v2\/posts\/2694","targetHints":{"allow":["GET"]}}],"collection":[{"href":"https:\/\/prio.swiss\/fr\/wp-json\/wp\/v2\/posts"}],"about":[{"href":"https:\/\/prio.swiss\/fr\/wp-json\/wp\/v2\/types\/post"}],"author":[{"embeddable":true,"href":"https:\/\/prio.swiss\/fr\/wp-json\/wp\/v2\/users\/5"}],"replies":[{"embeddable":true,"href":"https:\/\/prio.swiss\/fr\/wp-json\/wp\/v2\/comments?post=2694"}],"version-history":[{"count":12,"href":"https:\/\/prio.swiss\/fr\/wp-json\/wp\/v2\/posts\/2694\/revisions"}],"predecessor-version":[{"id":3960,"href":"https:\/\/prio.swiss\/fr\/wp-json\/wp\/v2\/posts\/2694\/revisions\/3960"}],"wp:attachment":[{"href":"https:\/\/prio.swiss\/fr\/wp-json\/wp\/v2\/media?parent=2694"}],"wp:term":[{"taxonomy":"category","embeddable":true,"href":"https:\/\/prio.swiss\/fr\/wp-json\/wp\/v2\/categories?post=2694"},{"taxonomy":"post_tag","embeddable":true,"href":"https:\/\/prio.swiss\/fr\/wp-json\/wp\/v2\/tags?post=2694"}],"curies":[{"name":"wp","href":"https:\/\/api.w.org\/{rel}","templated":true}]}}