{"id":3249,"date":"2025-07-17T12:35:25","date_gmt":"2025-07-17T12:35:25","guid":{"rendered":"https:\/\/prio.swiss\/?p=3249"},"modified":"2025-08-22T11:29:46","modified_gmt":"2025-08-22T11:29:46","slug":"les-assureurs-maladie-soutiennent-le-depistage-du-cancer-du-sein-et-appellent-les-radiologues-a-assumer-leur-responsabilite-medicale-en-la-matiere","status":"publish","type":"post","link":"https:\/\/prio.swiss\/fr\/les-assureurs-maladie-soutiennent-le-depistage-du-cancer-du-sein-et-appellent-les-radiologues-a-assumer-leur-responsabilite-medicale-en-la-matiere\/","title":{"rendered":"Les assureurs-maladie soutiennent le d\u00e9pistage du cancer du sein et appellent les radiologues \u00e0 assumer leur responsabilit\u00e9 m\u00e9dicale en la mati\u00e8re"},"content":{"rendered":"<p>17.07.2025<\/p>\n<p><strong>Divers articles parus dans les m\u00e9dias ont suscit\u00e9 des inqui\u00e9tudes quant \u00e0 l&rsquo;avenir des programmes de d\u00e9pistage du cancer du sein. <\/strong><strong>En collaboration avec les communaut\u00e9s d&rsquo;achat, prio.swiss tient \u00e0 r\u00e9tablir les faits et \u00e0 informer la population de mani\u00e8re objective. <\/strong><strong>Les programmes de d\u00e9pistage du cancer du sein jouent un r\u00f4le important dans la pr\u00e9vention et la sant\u00e9 des femmes. Les assureurs-maladie r\u00e9affirment leur soutien \u00e0 ces programmes de d\u00e9pistage et continueront \u00e0 participer \u00e0 leur financement. Dans le m\u00eame temps, ils appellent les radiologues \u00e0 assumer leur responsabilit\u00e9 m\u00e9dicale dans ce domaine.<\/strong><\/p>\n<p>Le nouveau tarif ambulatoire, compos\u00e9 du TARDOC et des forfaits ambulatoires, entrera en vigueur le 1er janvier 2026. Il a \u00e9t\u00e9 \u00e9labor\u00e9 conjointement par tous les partenaires tarifaires concern\u00e9s, \u00e0 savoir les m\u00e9decins, les h\u00f4pitaux et les assureurs-maladie. Il a ensuite \u00e9t\u00e9 soumis par les partenaires tarifaires au Conseil f\u00e9d\u00e9ral pour approbation en novembre 2024, puis approuv\u00e9 par ce dernier le 30 avril 2025. Il s&rsquo;applique \u00e0 tous les m\u00e9decins qui fournissent des prestations dans le cadre de l&rsquo;assurance de base obligatoire.<\/p>\n<p><strong>Adaptation des conventions de mise en \u0153uvre des programmes de d\u00e9pistage<br \/>\n<\/strong>Le nouveau tarif ambulatoire pour les m\u00e9decins constitue la base de la r\u00e9mun\u00e9ration des prestations m\u00e9dicales en g\u00e9n\u00e9ral et donc aussi des prestations radiologiques. Il repose sur des donn\u00e9es et refl\u00e8te de mani\u00e8re ad\u00e9quate la r\u00e9alit\u00e9 \u00e9conomique des prestations fournies. Des conventions compl\u00e9mentaires r\u00e9gissent les d\u00e9tails de la mise en \u0153uvre des programmes de d\u00e9pistage du cancer du sein.<\/p>\n<p>Les assureurs-maladie ont signal\u00e9 tr\u00e8s t\u00f4t aux ligues contre le cancer et aux cantons qu&rsquo;ils continueraient \u00e0 soutenir les programmes de d\u00e9pistage et qu&rsquo;ils chercheraient des solutions appropri\u00e9es dans les contrats \u00e0 r\u00e9viser. Swiss Cancer Screening a \u00e9t\u00e9 d\u00e9sign\u00e9 par les ligues contre le cancer comme organisme de coordination pour les programmes de d\u00e9pistage. Les assureurs-maladie s&rsquo;engagent \u00e0 rechercher des solutions satisfaisantes dans l&rsquo;int\u00e9r\u00eat des patientes et des assur\u00e9s et ils appellent les acteurs concern\u00e9s \u00e0 participer de mani\u00e8re constructive aux discussions.<\/p>\n<p><strong>Critiques incompr\u00e9hensibles et incoh\u00e9rentes \u00e0 l&rsquo;encontre du TARDOC<br \/>\n<\/strong>Les critiques formul\u00e9es par la Soci\u00e9t\u00e9 Suisse de radiologie \u00e0 l&rsquo;encontre du TARDOC, qui fait partie du nouveau tarif m\u00e9dical, sont incompr\u00e9hensibles pour prio.swiss. En effet, le TARDOC a \u00e9t\u00e9 \u00e9labor\u00e9 en collaboration avec l&rsquo;association fa\u00eeti\u00e8re des m\u00e9decins FMH et approuv\u00e9 par le Conseil f\u00e9d\u00e9ral. Il contient des adaptations des positions tarifaires qui sont bas\u00e9es sur des donn\u00e9es et un transfert politiquement souhait\u00e9 des sp\u00e9cialistes vers les prestataires de soins de base, tels que les m\u00e9decins de famille, afin de revaloriser le travail de ces derniers.<\/p>\n<p>La Soci\u00e9t\u00e9 Suisse de radiologie ne devrait pas instrumentaliser les programmes de d\u00e9pistage pour tenter de contester les adaptations tarifaires faites et approuv\u00e9es dans le cadre du nouveau tarif m\u00e9dical. Avec le d\u00e9bat actuel, elle a contribu\u00e9 \u00e0 cr\u00e9er une inqui\u00e9tude qui n\u2019a pas lieu d\u2019\u00eatre parmi la population concern\u00e9e, les cantons et les ligues contre le cancer. Au lieu de cela, elle devrait plut\u00f4t inciter les radiologues \u00e0 adapter leurs contrats avec les ligues contre le cancer et les cantons. prio.swiss souhaite rappeler aux radiologues leur responsabilit\u00e9 m\u00e9dicale dans le cadre des programmes de d\u00e9pistage du cancer du sein.<\/p>\n<p>Si des positions tarifaires doivent \u00eatre adapt\u00e9es ou ajout\u00e9es dans le tarif ambulatoire, l&rsquo;Organisation tarifs m\u00e9dicaux ambulatoires (OTMA) pr\u00e9voit une proc\u00e9dure dans laquelle les partenaires tarifaires peuvent soumettre les demandes correspondantes. L&rsquo;adaptation de la structure tarifaire rel\u00e8ve de la seule comp\u00e9tence de l&rsquo;OTMA, qui repr\u00e9sente tous les partenaires tarifaires (m\u00e9decins, h\u00f4pitaux, assureurs maladie) ainsi que les cantons.<\/p>\n<h4>Contact m\u00e9dias<\/h4>\n<p>Adrien Kay, responsable communication prio.swiss, <a href=\"mailto:media@prio.swiss\">media@prio.swiss<\/a> , 079 154 63 00<\/p>\n","protected":false},"excerpt":{"rendered":"<p>Les programmes de d\u00e9pistage du cancer du sein jouent un r\u00f4le important dans la pr\u00e9vention et la sant\u00e9 des femmes. Les assureurs-maladie r\u00e9affirment leur soutien \u00e0 ces programmes de d\u00e9pistage et continueront \u00e0 participer \u00e0 leur financement. Dans le m\u00eame temps, ils appellent les radiologues \u00e0 assumer leur responsabilit\u00e9 m\u00e9dicale dans ce domaine.<\/p>\n","protected":false},"author":1,"featured_media":0,"comment_status":"closed","ping_status":"closed","sticky":false,"template":"","format":"standard","meta":{"_acf_changed":false,"footnotes":""},"categories":[26],"tags":[],"class_list":["post-3249","post","type-post","status-publish","format-standard","hentry","category-communiques"],"acf":[],"yoast_head":"<!-- This site is optimized with the Yoast SEO plugin v26.6 - https:\/\/yoast.com\/wordpress\/plugins\/seo\/ -->\n<title>Les assureurs-maladie soutiennent le d\u00e9pistage du cancer du sein et appellent les radiologues \u00e0 assumer leur responsabilit\u00e9 m\u00e9dicale en la mati\u00e8re - Prio.Swiss \u2013 Der Verband Schweizer Krankenversicherer<\/title>\n<meta name=\"robots\" content=\"index, follow, max-snippet:-1, max-image-preview:large, max-video-preview:-1\" \/>\n<link rel=\"canonical\" href=\"https:\/\/prio.swiss\/fr\/les-assureurs-maladie-soutiennent-le-depistage-du-cancer-du-sein-et-appellent-les-radiologues-a-assumer-leur-responsabilite-medicale-en-la-matiere\/\" \/>\n<meta property=\"og:locale\" content=\"fr_FR\" \/>\n<meta property=\"og:type\" content=\"article\" \/>\n<meta property=\"og:title\" content=\"Les assureurs-maladie soutiennent le d\u00e9pistage du cancer du sein et appellent les radiologues \u00e0 assumer leur responsabilit\u00e9 m\u00e9dicale en la mati\u00e8re - Prio.Swiss \u2013 Der Verband Schweizer Krankenversicherer\" \/>\n<meta property=\"og:description\" content=\"Les programmes de d\u00e9pistage du cancer du sein jouent un r\u00f4le important dans la pr\u00e9vention et la sant\u00e9 des femmes. Les assureurs-maladie r\u00e9affirment leur soutien \u00e0 ces programmes de d\u00e9pistage et continueront \u00e0 participer \u00e0 leur financement. Dans le m\u00eame temps, ils appellent les radiologues \u00e0 assumer leur responsabilit\u00e9 m\u00e9dicale dans ce domaine.\" \/>\n<meta property=\"og:url\" content=\"https:\/\/prio.swiss\/fr\/les-assureurs-maladie-soutiennent-le-depistage-du-cancer-du-sein-et-appellent-les-radiologues-a-assumer-leur-responsabilite-medicale-en-la-matiere\/\" \/>\n<meta property=\"og:site_name\" content=\"Prio.Swiss \u2013 Der Verband Schweizer Krankenversicherer\" \/>\n<meta property=\"article:published_time\" content=\"2025-07-17T12:35:25+00:00\" \/>\n<meta property=\"article:modified_time\" content=\"2025-08-22T11:29:46+00:00\" \/>\n<meta name=\"author\" content=\"admin\" \/>\n<meta name=\"twitter:card\" content=\"summary_large_image\" \/>\n<meta name=\"twitter:label1\" content=\"\u00c9crit par\" \/>\n\t<meta name=\"twitter:data1\" content=\"admin\" \/>\n\t<meta name=\"twitter:label2\" content=\"Dur\u00e9e de lecture estim\u00e9e\" \/>\n\t<meta name=\"twitter:data2\" content=\"4 minutes\" \/>\n<script type=\"application\/ld+json\" class=\"yoast-schema-graph\">{\"@context\":\"https:\/\/schema.org\",\"@graph\":[{\"@type\":\"WebPage\",\"@id\":\"https:\/\/prio.swiss\/fr\/les-assureurs-maladie-soutiennent-le-depistage-du-cancer-du-sein-et-appellent-les-radiologues-a-assumer-leur-responsabilite-medicale-en-la-matiere\/\",\"url\":\"https:\/\/prio.swiss\/fr\/les-assureurs-maladie-soutiennent-le-depistage-du-cancer-du-sein-et-appellent-les-radiologues-a-assumer-leur-responsabilite-medicale-en-la-matiere\/\",\"name\":\"Les assureurs-maladie soutiennent le d\u00e9pistage du cancer du sein et appellent les radiologues \u00e0 assumer leur responsabilit\u00e9 m\u00e9dicale en la mati\u00e8re - Prio.Swiss \u2013 Der Verband Schweizer Krankenversicherer\",\"isPartOf\":{\"@id\":\"https:\/\/prio.swiss\/#website\"},\"datePublished\":\"2025-07-17T12:35:25+00:00\",\"dateModified\":\"2025-08-22T11:29:46+00:00\",\"author\":{\"@id\":\"https:\/\/prio.swiss\/#\/schema\/person\/1cb8c5c9e7fd74a6b9ca9fdbcee78116\"},\"breadcrumb\":{\"@id\":\"https:\/\/prio.swiss\/fr\/les-assureurs-maladie-soutiennent-le-depistage-du-cancer-du-sein-et-appellent-les-radiologues-a-assumer-leur-responsabilite-medicale-en-la-matiere\/#breadcrumb\"},\"inLanguage\":\"fr-FR\",\"potentialAction\":[{\"@type\":\"ReadAction\",\"target\":[\"https:\/\/prio.swiss\/fr\/les-assureurs-maladie-soutiennent-le-depistage-du-cancer-du-sein-et-appellent-les-radiologues-a-assumer-leur-responsabilite-medicale-en-la-matiere\/\"]}]},{\"@type\":\"BreadcrumbList\",\"@id\":\"https:\/\/prio.swiss\/fr\/les-assureurs-maladie-soutiennent-le-depistage-du-cancer-du-sein-et-appellent-les-radiologues-a-assumer-leur-responsabilite-medicale-en-la-matiere\/#breadcrumb\",\"itemListElement\":[{\"@type\":\"ListItem\",\"position\":1,\"name\":\"Startseite\",\"item\":\"https:\/\/prio.swiss\/fr\/\"},{\"@type\":\"ListItem\",\"position\":2,\"name\":\"Les assureurs-maladie soutiennent le d\u00e9pistage du cancer du sein et appellent les radiologues \u00e0 assumer leur responsabilit\u00e9 m\u00e9dicale en la mati\u00e8re\"}]},{\"@type\":\"WebSite\",\"@id\":\"https:\/\/prio.swiss\/#website\",\"url\":\"https:\/\/prio.swiss\/\",\"name\":\"Prio.Swiss \u2013 Der Verband Schweizer Krankenversicherer\",\"description\":\"\",\"potentialAction\":[{\"@type\":\"SearchAction\",\"target\":{\"@type\":\"EntryPoint\",\"urlTemplate\":\"https:\/\/prio.swiss\/?s={search_term_string}\"},\"query-input\":{\"@type\":\"PropertyValueSpecification\",\"valueRequired\":true,\"valueName\":\"search_term_string\"}}],\"inLanguage\":\"fr-FR\"},{\"@type\":\"Person\",\"@id\":\"https:\/\/prio.swiss\/#\/schema\/person\/1cb8c5c9e7fd74a6b9ca9fdbcee78116\",\"name\":\"admin\",\"image\":{\"@type\":\"ImageObject\",\"inLanguage\":\"fr-FR\",\"@id\":\"https:\/\/prio.swiss\/#\/schema\/person\/image\/\",\"url\":\"https:\/\/secure.gravatar.com\/avatar\/1f737e8ab53cd8d54c4dc87df139b4ab00aabf9f3101fe7ddccd23192e38f010?s=96&d=mm&r=g\",\"contentUrl\":\"https:\/\/secure.gravatar.com\/avatar\/1f737e8ab53cd8d54c4dc87df139b4ab00aabf9f3101fe7ddccd23192e38f010?s=96&d=mm&r=g\",\"caption\":\"admin\"},\"sameAs\":[\"https:\/\/prio.swiss\"]}]}<\/script>\n<!-- \/ Yoast SEO plugin. -->","yoast_head_json":{"title":"Les assureurs-maladie soutiennent le d\u00e9pistage du cancer du sein et appellent les radiologues \u00e0 assumer leur responsabilit\u00e9 m\u00e9dicale en la mati\u00e8re - Prio.Swiss \u2013 Der Verband Schweizer Krankenversicherer","robots":{"index":"index","follow":"follow","max-snippet":"max-snippet:-1","max-image-preview":"max-image-preview:large","max-video-preview":"max-video-preview:-1"},"canonical":"https:\/\/prio.swiss\/fr\/les-assureurs-maladie-soutiennent-le-depistage-du-cancer-du-sein-et-appellent-les-radiologues-a-assumer-leur-responsabilite-medicale-en-la-matiere\/","og_locale":"fr_FR","og_type":"article","og_title":"Les assureurs-maladie soutiennent le d\u00e9pistage du cancer du sein et appellent les radiologues \u00e0 assumer leur responsabilit\u00e9 m\u00e9dicale en la mati\u00e8re - Prio.Swiss \u2013 Der Verband Schweizer Krankenversicherer","og_description":"Les programmes de d\u00e9pistage du cancer du sein jouent un r\u00f4le important dans la pr\u00e9vention et la sant\u00e9 des femmes. Les assureurs-maladie r\u00e9affirment leur soutien \u00e0 ces programmes de d\u00e9pistage et continueront \u00e0 participer \u00e0 leur financement. Dans le m\u00eame temps, ils appellent les radiologues \u00e0 assumer leur responsabilit\u00e9 m\u00e9dicale dans ce domaine.","og_url":"https:\/\/prio.swiss\/fr\/les-assureurs-maladie-soutiennent-le-depistage-du-cancer-du-sein-et-appellent-les-radiologues-a-assumer-leur-responsabilite-medicale-en-la-matiere\/","og_site_name":"Prio.Swiss \u2013 Der Verband Schweizer Krankenversicherer","article_published_time":"2025-07-17T12:35:25+00:00","article_modified_time":"2025-08-22T11:29:46+00:00","author":"admin","twitter_card":"summary_large_image","twitter_misc":{"\u00c9crit par":"admin","Dur\u00e9e de lecture estim\u00e9e":"4 minutes"},"schema":{"@context":"https:\/\/schema.org","@graph":[{"@type":"WebPage","@id":"https:\/\/prio.swiss\/fr\/les-assureurs-maladie-soutiennent-le-depistage-du-cancer-du-sein-et-appellent-les-radiologues-a-assumer-leur-responsabilite-medicale-en-la-matiere\/","url":"https:\/\/prio.swiss\/fr\/les-assureurs-maladie-soutiennent-le-depistage-du-cancer-du-sein-et-appellent-les-radiologues-a-assumer-leur-responsabilite-medicale-en-la-matiere\/","name":"Les assureurs-maladie soutiennent le d\u00e9pistage du cancer du sein et appellent les radiologues \u00e0 assumer leur responsabilit\u00e9 m\u00e9dicale en la mati\u00e8re - Prio.Swiss \u2013 Der Verband Schweizer Krankenversicherer","isPartOf":{"@id":"https:\/\/prio.swiss\/#website"},"datePublished":"2025-07-17T12:35:25+00:00","dateModified":"2025-08-22T11:29:46+00:00","author":{"@id":"https:\/\/prio.swiss\/#\/schema\/person\/1cb8c5c9e7fd74a6b9ca9fdbcee78116"},"breadcrumb":{"@id":"https:\/\/prio.swiss\/fr\/les-assureurs-maladie-soutiennent-le-depistage-du-cancer-du-sein-et-appellent-les-radiologues-a-assumer-leur-responsabilite-medicale-en-la-matiere\/#breadcrumb"},"inLanguage":"fr-FR","potentialAction":[{"@type":"ReadAction","target":["https:\/\/prio.swiss\/fr\/les-assureurs-maladie-soutiennent-le-depistage-du-cancer-du-sein-et-appellent-les-radiologues-a-assumer-leur-responsabilite-medicale-en-la-matiere\/"]}]},{"@type":"BreadcrumbList","@id":"https:\/\/prio.swiss\/fr\/les-assureurs-maladie-soutiennent-le-depistage-du-cancer-du-sein-et-appellent-les-radiologues-a-assumer-leur-responsabilite-medicale-en-la-matiere\/#breadcrumb","itemListElement":[{"@type":"ListItem","position":1,"name":"Startseite","item":"https:\/\/prio.swiss\/fr\/"},{"@type":"ListItem","position":2,"name":"Les assureurs-maladie soutiennent le d\u00e9pistage du cancer du sein et appellent les radiologues \u00e0 assumer leur responsabilit\u00e9 m\u00e9dicale en la mati\u00e8re"}]},{"@type":"WebSite","@id":"https:\/\/prio.swiss\/#website","url":"https:\/\/prio.swiss\/","name":"Prio.Swiss \u2013 Der Verband Schweizer Krankenversicherer","description":"","potentialAction":[{"@type":"SearchAction","target":{"@type":"EntryPoint","urlTemplate":"https:\/\/prio.swiss\/?s={search_term_string}"},"query-input":{"@type":"PropertyValueSpecification","valueRequired":true,"valueName":"search_term_string"}}],"inLanguage":"fr-FR"},{"@type":"Person","@id":"https:\/\/prio.swiss\/#\/schema\/person\/1cb8c5c9e7fd74a6b9ca9fdbcee78116","name":"admin","image":{"@type":"ImageObject","inLanguage":"fr-FR","@id":"https:\/\/prio.swiss\/#\/schema\/person\/image\/","url":"https:\/\/secure.gravatar.com\/avatar\/1f737e8ab53cd8d54c4dc87df139b4ab00aabf9f3101fe7ddccd23192e38f010?s=96&d=mm&r=g","contentUrl":"https:\/\/secure.gravatar.com\/avatar\/1f737e8ab53cd8d54c4dc87df139b4ab00aabf9f3101fe7ddccd23192e38f010?s=96&d=mm&r=g","caption":"admin"},"sameAs":["https:\/\/prio.swiss"]}]}},"_links":{"self":[{"href":"https:\/\/prio.swiss\/fr\/wp-json\/wp\/v2\/posts\/3249","targetHints":{"allow":["GET"]}}],"collection":[{"href":"https:\/\/prio.swiss\/fr\/wp-json\/wp\/v2\/posts"}],"about":[{"href":"https:\/\/prio.swiss\/fr\/wp-json\/wp\/v2\/types\/post"}],"author":[{"embeddable":true,"href":"https:\/\/prio.swiss\/fr\/wp-json\/wp\/v2\/users\/1"}],"replies":[{"embeddable":true,"href":"https:\/\/prio.swiss\/fr\/wp-json\/wp\/v2\/comments?post=3249"}],"version-history":[{"count":8,"href":"https:\/\/prio.swiss\/fr\/wp-json\/wp\/v2\/posts\/3249\/revisions"}],"predecessor-version":[{"id":3928,"href":"https:\/\/prio.swiss\/fr\/wp-json\/wp\/v2\/posts\/3249\/revisions\/3928"}],"wp:attachment":[{"href":"https:\/\/prio.swiss\/fr\/wp-json\/wp\/v2\/media?parent=3249"}],"wp:term":[{"taxonomy":"category","embeddable":true,"href":"https:\/\/prio.swiss\/fr\/wp-json\/wp\/v2\/categories?post=3249"},{"taxonomy":"post_tag","embeddable":true,"href":"https:\/\/prio.swiss\/fr\/wp-json\/wp\/v2\/tags?post=3249"}],"curies":[{"name":"wp","href":"https:\/\/api.w.org\/{rel}","templated":true}]}}