{"id":4731,"date":"2025-11-18T16:10:46","date_gmt":"2025-11-18T16:10:46","guid":{"rendered":"https:\/\/prio.swiss\/?p=4731"},"modified":"2026-03-31T09:51:01","modified_gmt":"2026-03-31T09:51:01","slug":"consultation-bl-modification-de-lordonnance-sur-le-financement-des-prestations-de-soins-ambulatoires","status":"publish","type":"post","link":"https:\/\/prio.swiss\/fr\/consultation-bl-modification-de-lordonnance-sur-le-financement-des-prestations-de-soins-ambulatoires\/","title":{"rendered":"Consultation (BL) &#8211; Modification de l&rsquo;ordonnance sur le financement des prestations de soins ambulatoires (en allemand)"},"content":{"rendered":"","protected":false},"excerpt":{"rendered":"<p>prio.swiss soutient fondamentalement les modifications pr\u00e9vues. Il est juste et important que les cantons r\u00e9glementent plus concr\u00e8tement les prescriptions dans ce domaine des soins. Ce sont en effet les cantons qui disposent des instruments n\u00e9cessaires pour garantir que les exigences l\u00e9gales en mati\u00e8re d&rsquo;\u00e9conomicit\u00e9 et de qualit\u00e9 soient respect\u00e9es dans ce contexte. <\/p>\n","protected":false},"author":5,"featured_media":0,"comment_status":"closed","ping_status":"closed","sticky":false,"template":"","format":"standard","meta":{"_acf_changed":false,"footnotes":""},"categories":[38],"tags":[],"class_list":["post-4731","post","type-post","status-publish","format-standard","hentry","category-consultations"],"acf":[],"yoast_head":"<!-- This site is optimized with the Yoast SEO plugin v26.6 - https:\/\/yoast.com\/wordpress\/plugins\/seo\/ -->\n<title>Consultation (BL) - Modification de l&#039;ordonnance sur le financement des prestations de soins ambulatoires (en allemand) - Prio.Swiss \u2013 Der Verband Schweizer Krankenversicherer<\/title>\n<meta name=\"robots\" content=\"index, follow, max-snippet:-1, max-image-preview:large, max-video-preview:-1\" \/>\n<link rel=\"canonical\" href=\"https:\/\/prio.swiss\/fr\/consultation-bl-modification-de-lordonnance-sur-le-financement-des-prestations-de-soins-ambulatoires\/\" \/>\n<meta property=\"og:locale\" content=\"fr_FR\" \/>\n<meta property=\"og:type\" content=\"article\" \/>\n<meta property=\"og:title\" content=\"Consultation (BL) - Modification de l&#039;ordonnance sur le financement des prestations de soins ambulatoires (en allemand) - Prio.Swiss \u2013 Der Verband Schweizer Krankenversicherer\" \/>\n<meta property=\"og:description\" content=\"prio.swiss soutient fondamentalement les modifications pr\u00e9vues. Il est juste et important que les cantons r\u00e9glementent plus concr\u00e8tement les prescriptions dans ce domaine des soins. Ce sont en effet les cantons qui disposent des instruments n\u00e9cessaires pour garantir que les exigences l\u00e9gales en mati\u00e8re d&#039;\u00e9conomicit\u00e9 et de qualit\u00e9 soient respect\u00e9es dans ce contexte.\" \/>\n<meta property=\"og:url\" content=\"https:\/\/prio.swiss\/fr\/consultation-bl-modification-de-lordonnance-sur-le-financement-des-prestations-de-soins-ambulatoires\/\" \/>\n<meta property=\"og:site_name\" content=\"Prio.Swiss \u2013 Der Verband Schweizer Krankenversicherer\" \/>\n<meta property=\"article:published_time\" content=\"2025-11-18T16:10:46+00:00\" \/>\n<meta property=\"article:modified_time\" content=\"2026-03-31T09:51:01+00:00\" \/>\n<meta name=\"author\" content=\"Ivo Giudicetti\" \/>\n<meta name=\"twitter:card\" content=\"summary_large_image\" \/>\n<meta name=\"twitter:label1\" content=\"\u00c9crit par\" \/>\n\t<meta name=\"twitter:data1\" content=\"Ivo Giudicetti\" \/>\n<script type=\"application\/ld+json\" class=\"yoast-schema-graph\">{\"@context\":\"https:\/\/schema.org\",\"@graph\":[{\"@type\":\"WebPage\",\"@id\":\"https:\/\/prio.swiss\/fr\/consultation-bl-modification-de-lordonnance-sur-le-financement-des-prestations-de-soins-ambulatoires\/\",\"url\":\"https:\/\/prio.swiss\/fr\/consultation-bl-modification-de-lordonnance-sur-le-financement-des-prestations-de-soins-ambulatoires\/\",\"name\":\"Consultation (BL) - Modification de l'ordonnance sur le financement des prestations de soins ambulatoires (en allemand) - Prio.Swiss \u2013 Der Verband Schweizer Krankenversicherer\",\"isPartOf\":{\"@id\":\"https:\/\/prio.swiss\/#website\"},\"datePublished\":\"2025-11-18T16:10:46+00:00\",\"dateModified\":\"2026-03-31T09:51:01+00:00\",\"author\":{\"@id\":\"https:\/\/prio.swiss\/#\/schema\/person\/4d9497c27b718f03a1e874527475adea\"},\"breadcrumb\":{\"@id\":\"https:\/\/prio.swiss\/fr\/consultation-bl-modification-de-lordonnance-sur-le-financement-des-prestations-de-soins-ambulatoires\/#breadcrumb\"},\"inLanguage\":\"fr-FR\",\"potentialAction\":[{\"@type\":\"ReadAction\",\"target\":[\"https:\/\/prio.swiss\/fr\/consultation-bl-modification-de-lordonnance-sur-le-financement-des-prestations-de-soins-ambulatoires\/\"]}]},{\"@type\":\"BreadcrumbList\",\"@id\":\"https:\/\/prio.swiss\/fr\/consultation-bl-modification-de-lordonnance-sur-le-financement-des-prestations-de-soins-ambulatoires\/#breadcrumb\",\"itemListElement\":[{\"@type\":\"ListItem\",\"position\":1,\"name\":\"Startseite\",\"item\":\"https:\/\/prio.swiss\/fr\/\"},{\"@type\":\"ListItem\",\"position\":2,\"name\":\"Consultation (BL) &#8211; Modification de l&rsquo;ordonnance sur le financement des prestations de soins ambulatoires (en allemand)\"}]},{\"@type\":\"WebSite\",\"@id\":\"https:\/\/prio.swiss\/#website\",\"url\":\"https:\/\/prio.swiss\/\",\"name\":\"Prio.Swiss \u2013 Der Verband Schweizer Krankenversicherer\",\"description\":\"\",\"potentialAction\":[{\"@type\":\"SearchAction\",\"target\":{\"@type\":\"EntryPoint\",\"urlTemplate\":\"https:\/\/prio.swiss\/?s={search_term_string}\"},\"query-input\":{\"@type\":\"PropertyValueSpecification\",\"valueRequired\":true,\"valueName\":\"search_term_string\"}}],\"inLanguage\":\"fr-FR\"},{\"@type\":\"Person\",\"@id\":\"https:\/\/prio.swiss\/#\/schema\/person\/4d9497c27b718f03a1e874527475adea\",\"name\":\"Ivo Giudicetti\",\"image\":{\"@type\":\"ImageObject\",\"inLanguage\":\"fr-FR\",\"@id\":\"https:\/\/prio.swiss\/#\/schema\/person\/image\/\",\"url\":\"https:\/\/secure.gravatar.com\/avatar\/a9556a66894283924e2a939c86ab0cdd52d95066a830df044151992e554b0577?s=96&d=mm&r=g\",\"contentUrl\":\"https:\/\/secure.gravatar.com\/avatar\/a9556a66894283924e2a939c86ab0cdd52d95066a830df044151992e554b0577?s=96&d=mm&r=g\",\"caption\":\"Ivo Giudicetti\"}}]}<\/script>\n<!-- \/ Yoast SEO plugin. -->","yoast_head_json":{"title":"Consultation (BL) - Modification de l'ordonnance sur le financement des prestations de soins ambulatoires (en allemand) - Prio.Swiss \u2013 Der Verband Schweizer Krankenversicherer","robots":{"index":"index","follow":"follow","max-snippet":"max-snippet:-1","max-image-preview":"max-image-preview:large","max-video-preview":"max-video-preview:-1"},"canonical":"https:\/\/prio.swiss\/fr\/consultation-bl-modification-de-lordonnance-sur-le-financement-des-prestations-de-soins-ambulatoires\/","og_locale":"fr_FR","og_type":"article","og_title":"Consultation (BL) - Modification de l'ordonnance sur le financement des prestations de soins ambulatoires (en allemand) - Prio.Swiss \u2013 Der Verband Schweizer Krankenversicherer","og_description":"prio.swiss soutient fondamentalement les modifications pr\u00e9vues. Il est juste et important que les cantons r\u00e9glementent plus concr\u00e8tement les prescriptions dans ce domaine des soins. Ce sont en effet les cantons qui disposent des instruments n\u00e9cessaires pour garantir que les exigences l\u00e9gales en mati\u00e8re d'\u00e9conomicit\u00e9 et de qualit\u00e9 soient respect\u00e9es dans ce contexte.","og_url":"https:\/\/prio.swiss\/fr\/consultation-bl-modification-de-lordonnance-sur-le-financement-des-prestations-de-soins-ambulatoires\/","og_site_name":"Prio.Swiss \u2013 Der Verband Schweizer Krankenversicherer","article_published_time":"2025-11-18T16:10:46+00:00","article_modified_time":"2026-03-31T09:51:01+00:00","author":"Ivo Giudicetti","twitter_card":"summary_large_image","twitter_misc":{"\u00c9crit par":"Ivo Giudicetti"},"schema":{"@context":"https:\/\/schema.org","@graph":[{"@type":"WebPage","@id":"https:\/\/prio.swiss\/fr\/consultation-bl-modification-de-lordonnance-sur-le-financement-des-prestations-de-soins-ambulatoires\/","url":"https:\/\/prio.swiss\/fr\/consultation-bl-modification-de-lordonnance-sur-le-financement-des-prestations-de-soins-ambulatoires\/","name":"Consultation (BL) - Modification de l'ordonnance sur le financement des prestations de soins ambulatoires (en allemand) - Prio.Swiss \u2013 Der Verband Schweizer Krankenversicherer","isPartOf":{"@id":"https:\/\/prio.swiss\/#website"},"datePublished":"2025-11-18T16:10:46+00:00","dateModified":"2026-03-31T09:51:01+00:00","author":{"@id":"https:\/\/prio.swiss\/#\/schema\/person\/4d9497c27b718f03a1e874527475adea"},"breadcrumb":{"@id":"https:\/\/prio.swiss\/fr\/consultation-bl-modification-de-lordonnance-sur-le-financement-des-prestations-de-soins-ambulatoires\/#breadcrumb"},"inLanguage":"fr-FR","potentialAction":[{"@type":"ReadAction","target":["https:\/\/prio.swiss\/fr\/consultation-bl-modification-de-lordonnance-sur-le-financement-des-prestations-de-soins-ambulatoires\/"]}]},{"@type":"BreadcrumbList","@id":"https:\/\/prio.swiss\/fr\/consultation-bl-modification-de-lordonnance-sur-le-financement-des-prestations-de-soins-ambulatoires\/#breadcrumb","itemListElement":[{"@type":"ListItem","position":1,"name":"Startseite","item":"https:\/\/prio.swiss\/fr\/"},{"@type":"ListItem","position":2,"name":"Consultation (BL) &#8211; Modification de l&rsquo;ordonnance sur le financement des prestations de soins ambulatoires (en allemand)"}]},{"@type":"WebSite","@id":"https:\/\/prio.swiss\/#website","url":"https:\/\/prio.swiss\/","name":"Prio.Swiss \u2013 Der Verband Schweizer Krankenversicherer","description":"","potentialAction":[{"@type":"SearchAction","target":{"@type":"EntryPoint","urlTemplate":"https:\/\/prio.swiss\/?s={search_term_string}"},"query-input":{"@type":"PropertyValueSpecification","valueRequired":true,"valueName":"search_term_string"}}],"inLanguage":"fr-FR"},{"@type":"Person","@id":"https:\/\/prio.swiss\/#\/schema\/person\/4d9497c27b718f03a1e874527475adea","name":"Ivo Giudicetti","image":{"@type":"ImageObject","inLanguage":"fr-FR","@id":"https:\/\/prio.swiss\/#\/schema\/person\/image\/","url":"https:\/\/secure.gravatar.com\/avatar\/a9556a66894283924e2a939c86ab0cdd52d95066a830df044151992e554b0577?s=96&d=mm&r=g","contentUrl":"https:\/\/secure.gravatar.com\/avatar\/a9556a66894283924e2a939c86ab0cdd52d95066a830df044151992e554b0577?s=96&d=mm&r=g","caption":"Ivo Giudicetti"}}]}},"_links":{"self":[{"href":"https:\/\/prio.swiss\/fr\/wp-json\/wp\/v2\/posts\/4731","targetHints":{"allow":["GET"]}}],"collection":[{"href":"https:\/\/prio.swiss\/fr\/wp-json\/wp\/v2\/posts"}],"about":[{"href":"https:\/\/prio.swiss\/fr\/wp-json\/wp\/v2\/types\/post"}],"author":[{"embeddable":true,"href":"https:\/\/prio.swiss\/fr\/wp-json\/wp\/v2\/users\/5"}],"replies":[{"embeddable":true,"href":"https:\/\/prio.swiss\/fr\/wp-json\/wp\/v2\/comments?post=4731"}],"version-history":[{"count":2,"href":"https:\/\/prio.swiss\/fr\/wp-json\/wp\/v2\/posts\/4731\/revisions"}],"predecessor-version":[{"id":5831,"href":"https:\/\/prio.swiss\/fr\/wp-json\/wp\/v2\/posts\/4731\/revisions\/5831"}],"wp:attachment":[{"href":"https:\/\/prio.swiss\/fr\/wp-json\/wp\/v2\/media?parent=4731"}],"wp:term":[{"taxonomy":"category","embeddable":true,"href":"https:\/\/prio.swiss\/fr\/wp-json\/wp\/v2\/categories?post=4731"},{"taxonomy":"post_tag","embeddable":true,"href":"https:\/\/prio.swiss\/fr\/wp-json\/wp\/v2\/tags?post=4731"}],"curies":[{"name":"wp","href":"https:\/\/api.w.org\/{rel}","templated":true}]}}