{"id":5023,"date":"2026-01-12T13:00:05","date_gmt":"2026-01-12T13:00:05","guid":{"rendered":"https:\/\/prio.swiss\/?p=5023"},"modified":"2026-01-12T13:00:05","modified_gmt":"2026-01-12T13:00:05","slug":"prestations-podologiques-les-partenaires-tarifaires-ont-soumis-une-structure-tarifaire-en-vue-de-son-approbation","status":"publish","type":"post","link":"https:\/\/prio.swiss\/fr\/prestations-podologiques-les-partenaires-tarifaires-ont-soumis-une-structure-tarifaire-en-vue-de-son-approbation\/","title":{"rendered":"Prestations podologiques: les partenaires tarifaires ont soumis une structure tarifaire en vue de son approbation"},"content":{"rendered":"<p>Berne, le 12 janvier 2026<\/p>\n<p><strong>Le 22 d\u00e9cembre dernier, prio.swiss ainsi que ses partenaires tarifaires H+ et l\u2019organisation fa\u00eeti\u00e8re des podologues ont soumis au Conseil f\u00e9d\u00e9ral une nouvelle structure tarifaire portant sur les prestations podologiques prises en charge par l\u2019assurance obligatoire des soins (AOS). La nouvelle structure remplacera la solution transitoire en vigueur depuis le 1<sup>er<\/sup> janvier 2022 et devrait s\u2019appliquer \u00e0 partir du 1<sup>er<\/sup> janvier 2027. Par ailleurs, prio.swiss et l\u2019organisation fa\u00eeti\u00e8re des podologues ont \u00e9labor\u00e9 une convention de qualit\u00e9 qu\u2019ils ont remise en parall\u00e8le au Conseil f\u00e9d\u00e9ral pour approbation. <\/strong><\/p>\n<p><strong>\u00a0<\/strong>Depuis le 1<sup>er<\/sup> janvier 2022, les prestations podologiques fournies sur prescription m\u00e9dicale aux personnes atteintes de diab\u00e8te peuvent \u00eatre factur\u00e9es \u00e0 l\u2019AOS. Une structure tarifaire transitoire est en vigueur depuis quatre ans pour garantir la fourniture et la facturation de ces prestations.<\/p>\n<p>La nouvelle structure tarifaire appel\u00e9e \u00e0 remplacer cette solution provisoire a \u00e9t\u00e9 soumise au Conseil f\u00e9d\u00e9ral pour approbation le 22 d\u00e9cembre 2025. Apr\u00e8s examen par ce dernier, elle pourrait entrer en vigueur le 1<sup>er<\/sup> janvier 2027.<\/p>\n<p>Saskia Schenker, directrice de prio.swiss, se r\u00e9jouit qu\u2019une solution uniforme et transparente ait pu \u00eatre trouv\u00e9e pour les ann\u00e9es \u00e0 venir en \u00e9troite collaboration avec les partenaires tarifaires, et ce dans l\u2019int\u00e9r\u00eat tant des podologues que des assur\u00e9s. Avec cette version r\u00e9vis\u00e9e, les partenaires tarifaires cr\u00e9ent les conditions n\u00e9cessaires \u00e0 une prise en charge conforme \u00e0 la loi des prestations podologiques pour les personnes atteintes de diab\u00e8te.<\/p>\n<table>\n<tbody>\n<tr>\n<td width=\"1313\"><strong>Convention de qualit\u00e9 remise en parall\u00e8le au Conseil f\u00e9d\u00e9ral<\/strong><\/p>\n<p>Parall\u00e8lement \u00e0 la structure tarifaire, prio.swiss et l\u2019organisation fa\u00eeti\u00e8re des podologues ont remis une convention de qualit\u00e9 pour approbation au Conseil f\u00e9d\u00e9ral. Elle garantit que les partenaires tarifaires mettent en \u0153uvre les dispositions l\u00e9gales visant \u00e0 renforcer la qualit\u00e9 et l\u2019\u00e9conomicit\u00e9 pr\u00e9vues \u00e0 l\u2019art. 58<em>a<\/em> LAMal et qu\u2019ils cr\u00e9ent une base contraignante pour le d\u00e9veloppement syst\u00e9matique et durable de la qualit\u00e9 dans la podologie ambulatoire pratiqu\u00e9e dans les cabinets de podologie.<\/p>\n<p>La convention r\u00e9git notamment les mesures de la qualit\u00e9 et du d\u00e9veloppement de la qualit\u00e9 ainsi que leur contr\u00f4le et leur publication. Elle pr\u00e9voit en particulier la mise en place et l\u2019exploitation d\u2019un syst\u00e8me de gestion de la qualit\u00e9 adapt\u00e9 \u00e0 la pratique, la participation \u00e0 des cercles de qualit\u00e9 r\u00e9gionaux et la mise en \u0153uvre de mesures d\u2019am\u00e9lioration concr\u00e8tes dans les cabinets de podologie. Le d\u00e9veloppement de la qualit\u00e9 s\u2019inscrit ainsi dans un processus d\u2019am\u00e9lioration continue et est v\u00e9rifi\u00e9 au moyen d\u2019autod\u00e9clarations et de contr\u00f4les al\u00e9atoires.<\/p>\n<p>Avec la convention de qualit\u00e9, les parties \u00e9tablissent un cadre transparent et uniforme \u00e0 l\u2019\u00e9chelon national pour le d\u00e9veloppement de la qualit\u00e9 dans le domaine de la podologie, l\u2019objectif \u00e9tant de garantir et de d\u00e9velopper \u00e0 long terme la qualit\u00e9 des soins prodigu\u00e9s aux patients. Depuis mai 2024 d\u00e9j\u00e0, H+ a conclu avec les assureurs une convention de qualit\u00e9 approuv\u00e9e par le Conseil f\u00e9d\u00e9ral qui englobe toutes les prestations.<\/td>\n<\/tr>\n<\/tbody>\n<\/table>\n<p><strong>Demandes m\u00e9dias<\/strong><\/p>\n<p>Christophe Kaempf, porte-parole, 079 874 85 47, <a href=\"mailto:media@prio.swiss\">media@prio.swiss<\/a><\/p>\n<p>Dorit Djelid, cheffe du d\u00e9partement Communication H+, 031 335 11 63, <a href=\"mailto:medien@hplus.ch\">medien@hplus.ch<\/a><\/p>\n<p>Secr\u00e9tariat de l\u2019Organisation Podologie Suisse (OPS), 041 926 07 67, <a href=\"mailto:ops@podologie.ch\">ops@podologie.ch<\/a><\/p>\n","protected":false},"excerpt":{"rendered":"<p>Le 22 d\u00e9cembre dernier, prio.swiss ainsi que ses partenaires tarifaires H+ et l\u2019organisation fa\u00eeti\u00e8re des podologues ont soumis au Conseil f\u00e9d\u00e9ral une nouvelle structure tarifaire portant sur les prestations podologiques prises en charge par l\u2019assurance obligatoire des soins (AOS). <\/p>\n","protected":false},"author":5,"featured_media":0,"comment_status":"closed","ping_status":"closed","sticky":false,"template":"","format":"standard","meta":{"_acf_changed":false,"footnotes":""},"categories":[26],"tags":[],"class_list":["post-5023","post","type-post","status-publish","format-standard","hentry","category-communiques"],"acf":[],"yoast_head":"<!-- This site is optimized with the Yoast SEO plugin v26.6 - https:\/\/yoast.com\/wordpress\/plugins\/seo\/ -->\n<title>Prestations podologiques: les partenaires tarifaires ont soumis une structure tarifaire en vue de son approbation - Prio.Swiss \u2013 Der Verband Schweizer Krankenversicherer<\/title>\n<meta name=\"robots\" content=\"index, follow, max-snippet:-1, max-image-preview:large, max-video-preview:-1\" \/>\n<link rel=\"canonical\" href=\"https:\/\/prio.swiss\/fr\/prestations-podologiques-les-partenaires-tarifaires-ont-soumis-une-structure-tarifaire-en-vue-de-son-approbation\/\" \/>\n<meta property=\"og:locale\" content=\"fr_FR\" \/>\n<meta property=\"og:type\" content=\"article\" \/>\n<meta property=\"og:title\" content=\"Prestations podologiques: les partenaires tarifaires ont soumis une structure tarifaire en vue de son approbation - Prio.Swiss \u2013 Der Verband Schweizer Krankenversicherer\" \/>\n<meta property=\"og:description\" content=\"Le 22 d\u00e9cembre dernier, prio.swiss ainsi que ses partenaires tarifaires H+ et l\u2019organisation fa\u00eeti\u00e8re des podologues ont soumis au Conseil f\u00e9d\u00e9ral une nouvelle structure tarifaire portant sur les prestations podologiques prises en charge par l\u2019assurance obligatoire des soins (AOS).\" \/>\n<meta property=\"og:url\" content=\"https:\/\/prio.swiss\/fr\/prestations-podologiques-les-partenaires-tarifaires-ont-soumis-une-structure-tarifaire-en-vue-de-son-approbation\/\" \/>\n<meta property=\"og:site_name\" content=\"Prio.Swiss \u2013 Der Verband Schweizer Krankenversicherer\" \/>\n<meta property=\"article:published_time\" content=\"2026-01-12T13:00:05+00:00\" \/>\n<meta name=\"author\" content=\"Ivo Giudicetti\" \/>\n<meta name=\"twitter:card\" content=\"summary_large_image\" \/>\n<meta name=\"twitter:label1\" content=\"\u00c9crit par\" \/>\n\t<meta name=\"twitter:data1\" content=\"Ivo Giudicetti\" \/>\n\t<meta name=\"twitter:label2\" content=\"Dur\u00e9e de lecture estim\u00e9e\" \/>\n\t<meta name=\"twitter:data2\" content=\"3 minutes\" \/>\n<script type=\"application\/ld+json\" class=\"yoast-schema-graph\">{\"@context\":\"https:\/\/schema.org\",\"@graph\":[{\"@type\":\"WebPage\",\"@id\":\"https:\/\/prio.swiss\/fr\/prestations-podologiques-les-partenaires-tarifaires-ont-soumis-une-structure-tarifaire-en-vue-de-son-approbation\/\",\"url\":\"https:\/\/prio.swiss\/fr\/prestations-podologiques-les-partenaires-tarifaires-ont-soumis-une-structure-tarifaire-en-vue-de-son-approbation\/\",\"name\":\"Prestations podologiques: les partenaires tarifaires ont soumis une structure tarifaire en vue de son approbation - Prio.Swiss \u2013 Der Verband Schweizer Krankenversicherer\",\"isPartOf\":{\"@id\":\"https:\/\/prio.swiss\/#website\"},\"datePublished\":\"2026-01-12T13:00:05+00:00\",\"author\":{\"@id\":\"https:\/\/prio.swiss\/#\/schema\/person\/4d9497c27b718f03a1e874527475adea\"},\"breadcrumb\":{\"@id\":\"https:\/\/prio.swiss\/fr\/prestations-podologiques-les-partenaires-tarifaires-ont-soumis-une-structure-tarifaire-en-vue-de-son-approbation\/#breadcrumb\"},\"inLanguage\":\"fr-FR\",\"potentialAction\":[{\"@type\":\"ReadAction\",\"target\":[\"https:\/\/prio.swiss\/fr\/prestations-podologiques-les-partenaires-tarifaires-ont-soumis-une-structure-tarifaire-en-vue-de-son-approbation\/\"]}]},{\"@type\":\"BreadcrumbList\",\"@id\":\"https:\/\/prio.swiss\/fr\/prestations-podologiques-les-partenaires-tarifaires-ont-soumis-une-structure-tarifaire-en-vue-de-son-approbation\/#breadcrumb\",\"itemListElement\":[{\"@type\":\"ListItem\",\"position\":1,\"name\":\"Startseite\",\"item\":\"https:\/\/prio.swiss\/fr\/\"},{\"@type\":\"ListItem\",\"position\":2,\"name\":\"Prestations podologiques: les partenaires tarifaires ont soumis une structure tarifaire en vue de son approbation\"}]},{\"@type\":\"WebSite\",\"@id\":\"https:\/\/prio.swiss\/#website\",\"url\":\"https:\/\/prio.swiss\/\",\"name\":\"Prio.Swiss \u2013 Der Verband Schweizer Krankenversicherer\",\"description\":\"\",\"potentialAction\":[{\"@type\":\"SearchAction\",\"target\":{\"@type\":\"EntryPoint\",\"urlTemplate\":\"https:\/\/prio.swiss\/?s={search_term_string}\"},\"query-input\":{\"@type\":\"PropertyValueSpecification\",\"valueRequired\":true,\"valueName\":\"search_term_string\"}}],\"inLanguage\":\"fr-FR\"},{\"@type\":\"Person\",\"@id\":\"https:\/\/prio.swiss\/#\/schema\/person\/4d9497c27b718f03a1e874527475adea\",\"name\":\"Ivo Giudicetti\",\"image\":{\"@type\":\"ImageObject\",\"inLanguage\":\"fr-FR\",\"@id\":\"https:\/\/prio.swiss\/#\/schema\/person\/image\/\",\"url\":\"https:\/\/secure.gravatar.com\/avatar\/a9556a66894283924e2a939c86ab0cdd52d95066a830df044151992e554b0577?s=96&d=mm&r=g\",\"contentUrl\":\"https:\/\/secure.gravatar.com\/avatar\/a9556a66894283924e2a939c86ab0cdd52d95066a830df044151992e554b0577?s=96&d=mm&r=g\",\"caption\":\"Ivo Giudicetti\"}}]}<\/script>\n<!-- \/ Yoast SEO plugin. -->","yoast_head_json":{"title":"Prestations podologiques: les partenaires tarifaires ont soumis une structure tarifaire en vue de son approbation - Prio.Swiss \u2013 Der Verband Schweizer Krankenversicherer","robots":{"index":"index","follow":"follow","max-snippet":"max-snippet:-1","max-image-preview":"max-image-preview:large","max-video-preview":"max-video-preview:-1"},"canonical":"https:\/\/prio.swiss\/fr\/prestations-podologiques-les-partenaires-tarifaires-ont-soumis-une-structure-tarifaire-en-vue-de-son-approbation\/","og_locale":"fr_FR","og_type":"article","og_title":"Prestations podologiques: les partenaires tarifaires ont soumis une structure tarifaire en vue de son approbation - Prio.Swiss \u2013 Der Verband Schweizer Krankenversicherer","og_description":"Le 22 d\u00e9cembre dernier, prio.swiss ainsi que ses partenaires tarifaires H+ et l\u2019organisation fa\u00eeti\u00e8re des podologues ont soumis au Conseil f\u00e9d\u00e9ral une nouvelle structure tarifaire portant sur les prestations podologiques prises en charge par l\u2019assurance obligatoire des soins (AOS).","og_url":"https:\/\/prio.swiss\/fr\/prestations-podologiques-les-partenaires-tarifaires-ont-soumis-une-structure-tarifaire-en-vue-de-son-approbation\/","og_site_name":"Prio.Swiss \u2013 Der Verband Schweizer Krankenversicherer","article_published_time":"2026-01-12T13:00:05+00:00","author":"Ivo Giudicetti","twitter_card":"summary_large_image","twitter_misc":{"\u00c9crit par":"Ivo Giudicetti","Dur\u00e9e de lecture estim\u00e9e":"3 minutes"},"schema":{"@context":"https:\/\/schema.org","@graph":[{"@type":"WebPage","@id":"https:\/\/prio.swiss\/fr\/prestations-podologiques-les-partenaires-tarifaires-ont-soumis-une-structure-tarifaire-en-vue-de-son-approbation\/","url":"https:\/\/prio.swiss\/fr\/prestations-podologiques-les-partenaires-tarifaires-ont-soumis-une-structure-tarifaire-en-vue-de-son-approbation\/","name":"Prestations podologiques: les partenaires tarifaires ont soumis une structure tarifaire en vue de son approbation - Prio.Swiss \u2013 Der Verband Schweizer Krankenversicherer","isPartOf":{"@id":"https:\/\/prio.swiss\/#website"},"datePublished":"2026-01-12T13:00:05+00:00","author":{"@id":"https:\/\/prio.swiss\/#\/schema\/person\/4d9497c27b718f03a1e874527475adea"},"breadcrumb":{"@id":"https:\/\/prio.swiss\/fr\/prestations-podologiques-les-partenaires-tarifaires-ont-soumis-une-structure-tarifaire-en-vue-de-son-approbation\/#breadcrumb"},"inLanguage":"fr-FR","potentialAction":[{"@type":"ReadAction","target":["https:\/\/prio.swiss\/fr\/prestations-podologiques-les-partenaires-tarifaires-ont-soumis-une-structure-tarifaire-en-vue-de-son-approbation\/"]}]},{"@type":"BreadcrumbList","@id":"https:\/\/prio.swiss\/fr\/prestations-podologiques-les-partenaires-tarifaires-ont-soumis-une-structure-tarifaire-en-vue-de-son-approbation\/#breadcrumb","itemListElement":[{"@type":"ListItem","position":1,"name":"Startseite","item":"https:\/\/prio.swiss\/fr\/"},{"@type":"ListItem","position":2,"name":"Prestations podologiques: les partenaires tarifaires ont soumis une structure tarifaire en vue de son approbation"}]},{"@type":"WebSite","@id":"https:\/\/prio.swiss\/#website","url":"https:\/\/prio.swiss\/","name":"Prio.Swiss \u2013 Der Verband Schweizer Krankenversicherer","description":"","potentialAction":[{"@type":"SearchAction","target":{"@type":"EntryPoint","urlTemplate":"https:\/\/prio.swiss\/?s={search_term_string}"},"query-input":{"@type":"PropertyValueSpecification","valueRequired":true,"valueName":"search_term_string"}}],"inLanguage":"fr-FR"},{"@type":"Person","@id":"https:\/\/prio.swiss\/#\/schema\/person\/4d9497c27b718f03a1e874527475adea","name":"Ivo Giudicetti","image":{"@type":"ImageObject","inLanguage":"fr-FR","@id":"https:\/\/prio.swiss\/#\/schema\/person\/image\/","url":"https:\/\/secure.gravatar.com\/avatar\/a9556a66894283924e2a939c86ab0cdd52d95066a830df044151992e554b0577?s=96&d=mm&r=g","contentUrl":"https:\/\/secure.gravatar.com\/avatar\/a9556a66894283924e2a939c86ab0cdd52d95066a830df044151992e554b0577?s=96&d=mm&r=g","caption":"Ivo Giudicetti"}}]}},"_links":{"self":[{"href":"https:\/\/prio.swiss\/fr\/wp-json\/wp\/v2\/posts\/5023","targetHints":{"allow":["GET"]}}],"collection":[{"href":"https:\/\/prio.swiss\/fr\/wp-json\/wp\/v2\/posts"}],"about":[{"href":"https:\/\/prio.swiss\/fr\/wp-json\/wp\/v2\/types\/post"}],"author":[{"embeddable":true,"href":"https:\/\/prio.swiss\/fr\/wp-json\/wp\/v2\/users\/5"}],"replies":[{"embeddable":true,"href":"https:\/\/prio.swiss\/fr\/wp-json\/wp\/v2\/comments?post=5023"}],"version-history":[{"count":2,"href":"https:\/\/prio.swiss\/fr\/wp-json\/wp\/v2\/posts\/5023\/revisions"}],"predecessor-version":[{"id":5025,"href":"https:\/\/prio.swiss\/fr\/wp-json\/wp\/v2\/posts\/5023\/revisions\/5025"}],"wp:attachment":[{"href":"https:\/\/prio.swiss\/fr\/wp-json\/wp\/v2\/media?parent=5023"}],"wp:term":[{"taxonomy":"category","embeddable":true,"href":"https:\/\/prio.swiss\/fr\/wp-json\/wp\/v2\/categories?post=5023"},{"taxonomy":"post_tag","embeddable":true,"href":"https:\/\/prio.swiss\/fr\/wp-json\/wp\/v2\/tags?post=5023"}],"curies":[{"name":"wp","href":"https:\/\/api.w.org\/{rel}","templated":true}]}}