{"id":5200,"date":"2026-01-23T07:46:20","date_gmt":"2026-01-23T07:46:20","guid":{"rendered":"https:\/\/prio.swiss\/?p=5200"},"modified":"2026-03-31T09:46:34","modified_gmt":"2026-03-31T09:46:34","slug":"consultation-bs-et-bl-rapport-sur-la-planification-des-soins-2025-region-sanitaire-commune-soins-somatiques-aigus","status":"publish","type":"post","link":"https:\/\/prio.swiss\/fr\/consultation-bs-et-bl-rapport-sur-la-planification-des-soins-2025-region-sanitaire-commune-soins-somatiques-aigus\/","title":{"rendered":"Consultation (BS et BL). Rapport sur la planification des soins 2025: r\u00e9gion sanitaire commune \u2013 Soins somatiques aigus (en allemand)"},"content":{"rendered":"","protected":false},"excerpt":{"rendered":"<p>Une planification hospitali\u00e8re tourn\u00e9e vers l&rsquo;avenir capable de progresser ne cr\u00e9e pas de nouveaux doublons, mais mise sur des h\u00f4pitaux sp\u00e9cialis\u00e9s et des soins de base de proximit\u00e9 dans les h\u00f4pitaux r\u00e9gionaux.<\/p>\n","protected":false},"author":5,"featured_media":0,"comment_status":"closed","ping_status":"closed","sticky":false,"template":"","format":"standard","meta":{"_acf_changed":false,"footnotes":""},"categories":[38],"tags":[],"class_list":["post-5200","post","type-post","status-publish","format-standard","hentry","category-consultations"],"acf":[],"yoast_head":"<!-- This site is optimized with the Yoast SEO plugin v26.6 - https:\/\/yoast.com\/wordpress\/plugins\/seo\/ -->\n<title>Consultation (BS et BL). Rapport sur la planification des soins 2025: r\u00e9gion sanitaire commune \u2013 Soins somatiques aigus (en allemand) - Prio.Swiss \u2013 Der Verband Schweizer Krankenversicherer<\/title>\n<meta name=\"robots\" content=\"index, follow, max-snippet:-1, max-image-preview:large, max-video-preview:-1\" \/>\n<link rel=\"canonical\" href=\"https:\/\/prio.swiss\/fr\/consultation-bs-et-bl-rapport-sur-la-planification-des-soins-2025-region-sanitaire-commune-soins-somatiques-aigus\/\" \/>\n<meta property=\"og:locale\" content=\"fr_FR\" \/>\n<meta property=\"og:type\" content=\"article\" \/>\n<meta property=\"og:title\" content=\"Consultation (BS et BL). Rapport sur la planification des soins 2025: r\u00e9gion sanitaire commune \u2013 Soins somatiques aigus (en allemand) - Prio.Swiss \u2013 Der Verband Schweizer Krankenversicherer\" \/>\n<meta property=\"og:description\" content=\"Une planification hospitali\u00e8re tourn\u00e9e vers l&#039;avenir capable de progresser ne cr\u00e9e pas de nouveaux doublons, mais mise sur des h\u00f4pitaux sp\u00e9cialis\u00e9s et des soins de base de proximit\u00e9 dans les h\u00f4pitaux r\u00e9gionaux.\" \/>\n<meta property=\"og:url\" content=\"https:\/\/prio.swiss\/fr\/consultation-bs-et-bl-rapport-sur-la-planification-des-soins-2025-region-sanitaire-commune-soins-somatiques-aigus\/\" \/>\n<meta property=\"og:site_name\" content=\"Prio.Swiss \u2013 Der Verband Schweizer Krankenversicherer\" \/>\n<meta property=\"article:published_time\" content=\"2026-01-23T07:46:20+00:00\" \/>\n<meta property=\"article:modified_time\" content=\"2026-03-31T09:46:34+00:00\" \/>\n<meta name=\"author\" content=\"Ivo Giudicetti\" \/>\n<meta name=\"twitter:card\" content=\"summary_large_image\" \/>\n<meta name=\"twitter:label1\" content=\"\u00c9crit par\" \/>\n\t<meta name=\"twitter:data1\" content=\"Ivo Giudicetti\" \/>\n<script type=\"application\/ld+json\" class=\"yoast-schema-graph\">{\"@context\":\"https:\/\/schema.org\",\"@graph\":[{\"@type\":\"WebPage\",\"@id\":\"https:\/\/prio.swiss\/fr\/consultation-bs-et-bl-rapport-sur-la-planification-des-soins-2025-region-sanitaire-commune-soins-somatiques-aigus\/\",\"url\":\"https:\/\/prio.swiss\/fr\/consultation-bs-et-bl-rapport-sur-la-planification-des-soins-2025-region-sanitaire-commune-soins-somatiques-aigus\/\",\"name\":\"Consultation (BS et BL). Rapport sur la planification des soins 2025: r\u00e9gion sanitaire commune \u2013 Soins somatiques aigus (en allemand) - Prio.Swiss \u2013 Der Verband Schweizer Krankenversicherer\",\"isPartOf\":{\"@id\":\"https:\/\/prio.swiss\/#website\"},\"datePublished\":\"2026-01-23T07:46:20+00:00\",\"dateModified\":\"2026-03-31T09:46:34+00:00\",\"author\":{\"@id\":\"https:\/\/prio.swiss\/#\/schema\/person\/4d9497c27b718f03a1e874527475adea\"},\"breadcrumb\":{\"@id\":\"https:\/\/prio.swiss\/fr\/consultation-bs-et-bl-rapport-sur-la-planification-des-soins-2025-region-sanitaire-commune-soins-somatiques-aigus\/#breadcrumb\"},\"inLanguage\":\"fr-FR\",\"potentialAction\":[{\"@type\":\"ReadAction\",\"target\":[\"https:\/\/prio.swiss\/fr\/consultation-bs-et-bl-rapport-sur-la-planification-des-soins-2025-region-sanitaire-commune-soins-somatiques-aigus\/\"]}]},{\"@type\":\"BreadcrumbList\",\"@id\":\"https:\/\/prio.swiss\/fr\/consultation-bs-et-bl-rapport-sur-la-planification-des-soins-2025-region-sanitaire-commune-soins-somatiques-aigus\/#breadcrumb\",\"itemListElement\":[{\"@type\":\"ListItem\",\"position\":1,\"name\":\"Startseite\",\"item\":\"https:\/\/prio.swiss\/fr\/\"},{\"@type\":\"ListItem\",\"position\":2,\"name\":\"Consultation (BS et BL). Rapport sur la planification des soins 2025: r\u00e9gion sanitaire commune \u2013 Soins somatiques aigus (en allemand)\"}]},{\"@type\":\"WebSite\",\"@id\":\"https:\/\/prio.swiss\/#website\",\"url\":\"https:\/\/prio.swiss\/\",\"name\":\"Prio.Swiss \u2013 Der Verband Schweizer Krankenversicherer\",\"description\":\"\",\"potentialAction\":[{\"@type\":\"SearchAction\",\"target\":{\"@type\":\"EntryPoint\",\"urlTemplate\":\"https:\/\/prio.swiss\/?s={search_term_string}\"},\"query-input\":{\"@type\":\"PropertyValueSpecification\",\"valueRequired\":true,\"valueName\":\"search_term_string\"}}],\"inLanguage\":\"fr-FR\"},{\"@type\":\"Person\",\"@id\":\"https:\/\/prio.swiss\/#\/schema\/person\/4d9497c27b718f03a1e874527475adea\",\"name\":\"Ivo Giudicetti\",\"image\":{\"@type\":\"ImageObject\",\"inLanguage\":\"fr-FR\",\"@id\":\"https:\/\/prio.swiss\/#\/schema\/person\/image\/\",\"url\":\"https:\/\/secure.gravatar.com\/avatar\/a9556a66894283924e2a939c86ab0cdd52d95066a830df044151992e554b0577?s=96&d=mm&r=g\",\"contentUrl\":\"https:\/\/secure.gravatar.com\/avatar\/a9556a66894283924e2a939c86ab0cdd52d95066a830df044151992e554b0577?s=96&d=mm&r=g\",\"caption\":\"Ivo Giudicetti\"}}]}<\/script>\n<!-- \/ Yoast SEO plugin. -->","yoast_head_json":{"title":"Consultation (BS et BL). Rapport sur la planification des soins 2025: r\u00e9gion sanitaire commune \u2013 Soins somatiques aigus (en allemand) - Prio.Swiss \u2013 Der Verband Schweizer Krankenversicherer","robots":{"index":"index","follow":"follow","max-snippet":"max-snippet:-1","max-image-preview":"max-image-preview:large","max-video-preview":"max-video-preview:-1"},"canonical":"https:\/\/prio.swiss\/fr\/consultation-bs-et-bl-rapport-sur-la-planification-des-soins-2025-region-sanitaire-commune-soins-somatiques-aigus\/","og_locale":"fr_FR","og_type":"article","og_title":"Consultation (BS et BL). Rapport sur la planification des soins 2025: r\u00e9gion sanitaire commune \u2013 Soins somatiques aigus (en allemand) - Prio.Swiss \u2013 Der Verband Schweizer Krankenversicherer","og_description":"Une planification hospitali\u00e8re tourn\u00e9e vers l'avenir capable de progresser ne cr\u00e9e pas de nouveaux doublons, mais mise sur des h\u00f4pitaux sp\u00e9cialis\u00e9s et des soins de base de proximit\u00e9 dans les h\u00f4pitaux r\u00e9gionaux.","og_url":"https:\/\/prio.swiss\/fr\/consultation-bs-et-bl-rapport-sur-la-planification-des-soins-2025-region-sanitaire-commune-soins-somatiques-aigus\/","og_site_name":"Prio.Swiss \u2013 Der Verband Schweizer Krankenversicherer","article_published_time":"2026-01-23T07:46:20+00:00","article_modified_time":"2026-03-31T09:46:34+00:00","author":"Ivo Giudicetti","twitter_card":"summary_large_image","twitter_misc":{"\u00c9crit par":"Ivo Giudicetti"},"schema":{"@context":"https:\/\/schema.org","@graph":[{"@type":"WebPage","@id":"https:\/\/prio.swiss\/fr\/consultation-bs-et-bl-rapport-sur-la-planification-des-soins-2025-region-sanitaire-commune-soins-somatiques-aigus\/","url":"https:\/\/prio.swiss\/fr\/consultation-bs-et-bl-rapport-sur-la-planification-des-soins-2025-region-sanitaire-commune-soins-somatiques-aigus\/","name":"Consultation (BS et BL). Rapport sur la planification des soins 2025: r\u00e9gion sanitaire commune \u2013 Soins somatiques aigus (en allemand) - Prio.Swiss \u2013 Der Verband Schweizer Krankenversicherer","isPartOf":{"@id":"https:\/\/prio.swiss\/#website"},"datePublished":"2026-01-23T07:46:20+00:00","dateModified":"2026-03-31T09:46:34+00:00","author":{"@id":"https:\/\/prio.swiss\/#\/schema\/person\/4d9497c27b718f03a1e874527475adea"},"breadcrumb":{"@id":"https:\/\/prio.swiss\/fr\/consultation-bs-et-bl-rapport-sur-la-planification-des-soins-2025-region-sanitaire-commune-soins-somatiques-aigus\/#breadcrumb"},"inLanguage":"fr-FR","potentialAction":[{"@type":"ReadAction","target":["https:\/\/prio.swiss\/fr\/consultation-bs-et-bl-rapport-sur-la-planification-des-soins-2025-region-sanitaire-commune-soins-somatiques-aigus\/"]}]},{"@type":"BreadcrumbList","@id":"https:\/\/prio.swiss\/fr\/consultation-bs-et-bl-rapport-sur-la-planification-des-soins-2025-region-sanitaire-commune-soins-somatiques-aigus\/#breadcrumb","itemListElement":[{"@type":"ListItem","position":1,"name":"Startseite","item":"https:\/\/prio.swiss\/fr\/"},{"@type":"ListItem","position":2,"name":"Consultation (BS et BL). Rapport sur la planification des soins 2025: r\u00e9gion sanitaire commune \u2013 Soins somatiques aigus (en allemand)"}]},{"@type":"WebSite","@id":"https:\/\/prio.swiss\/#website","url":"https:\/\/prio.swiss\/","name":"Prio.Swiss \u2013 Der Verband Schweizer Krankenversicherer","description":"","potentialAction":[{"@type":"SearchAction","target":{"@type":"EntryPoint","urlTemplate":"https:\/\/prio.swiss\/?s={search_term_string}"},"query-input":{"@type":"PropertyValueSpecification","valueRequired":true,"valueName":"search_term_string"}}],"inLanguage":"fr-FR"},{"@type":"Person","@id":"https:\/\/prio.swiss\/#\/schema\/person\/4d9497c27b718f03a1e874527475adea","name":"Ivo Giudicetti","image":{"@type":"ImageObject","inLanguage":"fr-FR","@id":"https:\/\/prio.swiss\/#\/schema\/person\/image\/","url":"https:\/\/secure.gravatar.com\/avatar\/a9556a66894283924e2a939c86ab0cdd52d95066a830df044151992e554b0577?s=96&d=mm&r=g","contentUrl":"https:\/\/secure.gravatar.com\/avatar\/a9556a66894283924e2a939c86ab0cdd52d95066a830df044151992e554b0577?s=96&d=mm&r=g","caption":"Ivo Giudicetti"}}]}},"_links":{"self":[{"href":"https:\/\/prio.swiss\/fr\/wp-json\/wp\/v2\/posts\/5200","targetHints":{"allow":["GET"]}}],"collection":[{"href":"https:\/\/prio.swiss\/fr\/wp-json\/wp\/v2\/posts"}],"about":[{"href":"https:\/\/prio.swiss\/fr\/wp-json\/wp\/v2\/types\/post"}],"author":[{"embeddable":true,"href":"https:\/\/prio.swiss\/fr\/wp-json\/wp\/v2\/users\/5"}],"replies":[{"embeddable":true,"href":"https:\/\/prio.swiss\/fr\/wp-json\/wp\/v2\/comments?post=5200"}],"version-history":[{"count":2,"href":"https:\/\/prio.swiss\/fr\/wp-json\/wp\/v2\/posts\/5200\/revisions"}],"predecessor-version":[{"id":5827,"href":"https:\/\/prio.swiss\/fr\/wp-json\/wp\/v2\/posts\/5200\/revisions\/5827"}],"wp:attachment":[{"href":"https:\/\/prio.swiss\/fr\/wp-json\/wp\/v2\/media?parent=5200"}],"wp:term":[{"taxonomy":"category","embeddable":true,"href":"https:\/\/prio.swiss\/fr\/wp-json\/wp\/v2\/categories?post=5200"},{"taxonomy":"post_tag","embeddable":true,"href":"https:\/\/prio.swiss\/fr\/wp-json\/wp\/v2\/tags?post=5200"}],"curies":[{"name":"wp","href":"https:\/\/api.w.org\/{rel}","templated":true}]}}