{"id":1076,"date":"2024-12-19T08:44:42","date_gmt":"2024-12-19T08:44:42","guid":{"rendered":"https:\/\/prio.swiss\/prio-swiss-startet-am-6-januar-2025\/"},"modified":"2025-08-12T15:45:39","modified_gmt":"2025-08-12T15:45:39","slug":"prio-swiss-entrera-in-funzione-il-6-gennaio-2025","status":"publish","type":"post","link":"https:\/\/prio.swiss\/it\/prio-swiss-entrera-in-funzione-il-6-gennaio-2025\/","title":{"rendered":"prio.swiss entrer\u00e0 in funzione il 6 gennaio 2025"},"content":{"rendered":"<p>La nuova associazione degli assicuratori malattia entrer\u00e0 in funzione, come previsto, il 6 gennaio 2025. prio.swiss rappresenter\u00e0 in futuro gli interessi politici degli assicuratori malattia e sostituir\u00e0 in tale ruolo le attuali associazioni curafutura e sant\u00e9suisse.<\/p>\n","protected":false},"excerpt":{"rendered":"<p>La nuova associazione degli assicuratori malattia entrer\u00e0 in funzione, come previsto, il 6 gennaio 2025. prio.swiss rappresenter\u00e0 in futuro gli interessi politici degli assicuratori malattia e sostituir\u00e0 in tale ruolo le attuali associazioni curafutura e sant\u00e9suisse.<\/p>\n","protected":false},"author":1,"featured_media":0,"comment_status":"open","ping_status":"closed","sticky":false,"template":"","format":"standard","meta":{"_acf_changed":false,"footnotes":""},"categories":[27],"tags":[],"class_list":["post-1076","post","type-post","status-publish","format-standard","hentry","category-comunicati"],"acf":[],"yoast_head":"<!-- This site is optimized with the Yoast SEO plugin v26.6 - https:\/\/yoast.com\/wordpress\/plugins\/seo\/ -->\n<title>prio.swiss entrer\u00e0 in funzione il 6 gennaio 2025 - Prio.Swiss \u2013 Der Verband Schweizer Krankenversicherer<\/title>\n<meta name=\"robots\" content=\"index, follow, max-snippet:-1, max-image-preview:large, max-video-preview:-1\" \/>\n<link rel=\"canonical\" href=\"https:\/\/prio.swiss\/it\/prio-swiss-entrera-in-funzione-il-6-gennaio-2025\/\" \/>\n<meta property=\"og:locale\" content=\"it_IT\" \/>\n<meta property=\"og:type\" content=\"article\" \/>\n<meta property=\"og:title\" content=\"prio.swiss entrer\u00e0 in funzione il 6 gennaio 2025 - Prio.Swiss \u2013 Der Verband Schweizer Krankenversicherer\" \/>\n<meta property=\"og:description\" content=\"La nuova associazione degli assicuratori malattia entrer\u00e0 in funzione, come previsto, il 6 gennaio 2025. prio.swiss rappresenter\u00e0 in futuro gli interessi politici degli assicuratori malattia e sostituir\u00e0 in tale ruolo le attuali associazioni curafutura e sant\u00e9suisse.\" \/>\n<meta property=\"og:url\" content=\"https:\/\/prio.swiss\/it\/prio-swiss-entrera-in-funzione-il-6-gennaio-2025\/\" \/>\n<meta property=\"og:site_name\" content=\"Prio.Swiss \u2013 Der Verband Schweizer Krankenversicherer\" \/>\n<meta property=\"article:published_time\" content=\"2024-12-19T08:44:42+00:00\" \/>\n<meta property=\"article:modified_time\" content=\"2025-08-12T15:45:39+00:00\" \/>\n<meta name=\"author\" content=\"admin\" \/>\n<meta name=\"twitter:card\" content=\"summary_large_image\" \/>\n<meta name=\"twitter:label1\" content=\"Scritto da\" \/>\n\t<meta name=\"twitter:data1\" content=\"admin\" \/>\n\t<meta name=\"twitter:label2\" content=\"Tempo di lettura stimato\" \/>\n\t<meta name=\"twitter:data2\" content=\"1 minuto\" \/>\n<script type=\"application\/ld+json\" class=\"yoast-schema-graph\">{\"@context\":\"https:\/\/schema.org\",\"@graph\":[{\"@type\":\"WebPage\",\"@id\":\"https:\/\/prio.swiss\/it\/prio-swiss-entrera-in-funzione-il-6-gennaio-2025\/\",\"url\":\"https:\/\/prio.swiss\/it\/prio-swiss-entrera-in-funzione-il-6-gennaio-2025\/\",\"name\":\"prio.swiss entrer\u00e0 in funzione il 6 gennaio 2025 - Prio.Swiss \u2013 Der Verband Schweizer Krankenversicherer\",\"isPartOf\":{\"@id\":\"https:\/\/prio.swiss\/#website\"},\"datePublished\":\"2024-12-19T08:44:42+00:00\",\"dateModified\":\"2025-08-12T15:45:39+00:00\",\"author\":{\"@id\":\"https:\/\/prio.swiss\/#\/schema\/person\/1cb8c5c9e7fd74a6b9ca9fdbcee78116\"},\"breadcrumb\":{\"@id\":\"https:\/\/prio.swiss\/it\/prio-swiss-entrera-in-funzione-il-6-gennaio-2025\/#breadcrumb\"},\"inLanguage\":\"it-IT\",\"potentialAction\":[{\"@type\":\"ReadAction\",\"target\":[\"https:\/\/prio.swiss\/it\/prio-swiss-entrera-in-funzione-il-6-gennaio-2025\/\"]}]},{\"@type\":\"BreadcrumbList\",\"@id\":\"https:\/\/prio.swiss\/it\/prio-swiss-entrera-in-funzione-il-6-gennaio-2025\/#breadcrumb\",\"itemListElement\":[{\"@type\":\"ListItem\",\"position\":1,\"name\":\"Startseite\",\"item\":\"https:\/\/prio.swiss\/fr\/\"},{\"@type\":\"ListItem\",\"position\":2,\"name\":\"prio.swiss entrer\u00e0 in funzione il 6 gennaio 2025\"}]},{\"@type\":\"WebSite\",\"@id\":\"https:\/\/prio.swiss\/#website\",\"url\":\"https:\/\/prio.swiss\/\",\"name\":\"Prio.Swiss \u2013 Der Verband Schweizer Krankenversicherer\",\"description\":\"\",\"potentialAction\":[{\"@type\":\"SearchAction\",\"target\":{\"@type\":\"EntryPoint\",\"urlTemplate\":\"https:\/\/prio.swiss\/?s={search_term_string}\"},\"query-input\":{\"@type\":\"PropertyValueSpecification\",\"valueRequired\":true,\"valueName\":\"search_term_string\"}}],\"inLanguage\":\"it-IT\"},{\"@type\":\"Person\",\"@id\":\"https:\/\/prio.swiss\/#\/schema\/person\/1cb8c5c9e7fd74a6b9ca9fdbcee78116\",\"name\":\"admin\",\"image\":{\"@type\":\"ImageObject\",\"inLanguage\":\"it-IT\",\"@id\":\"https:\/\/prio.swiss\/#\/schema\/person\/image\/\",\"url\":\"https:\/\/secure.gravatar.com\/avatar\/1f737e8ab53cd8d54c4dc87df139b4ab00aabf9f3101fe7ddccd23192e38f010?s=96&d=mm&r=g\",\"contentUrl\":\"https:\/\/secure.gravatar.com\/avatar\/1f737e8ab53cd8d54c4dc87df139b4ab00aabf9f3101fe7ddccd23192e38f010?s=96&d=mm&r=g\",\"caption\":\"admin\"},\"sameAs\":[\"https:\/\/prio.swiss\"]}]}<\/script>\n<!-- \/ Yoast SEO plugin. -->","yoast_head_json":{"title":"prio.swiss entrer\u00e0 in funzione il 6 gennaio 2025 - Prio.Swiss \u2013 Der Verband Schweizer Krankenversicherer","robots":{"index":"index","follow":"follow","max-snippet":"max-snippet:-1","max-image-preview":"max-image-preview:large","max-video-preview":"max-video-preview:-1"},"canonical":"https:\/\/prio.swiss\/it\/prio-swiss-entrera-in-funzione-il-6-gennaio-2025\/","og_locale":"it_IT","og_type":"article","og_title":"prio.swiss entrer\u00e0 in funzione il 6 gennaio 2025 - Prio.Swiss \u2013 Der Verband Schweizer Krankenversicherer","og_description":"La nuova associazione degli assicuratori malattia entrer\u00e0 in funzione, come previsto, il 6 gennaio 2025. prio.swiss rappresenter\u00e0 in futuro gli interessi politici degli assicuratori malattia e sostituir\u00e0 in tale ruolo le attuali associazioni curafutura e sant\u00e9suisse.","og_url":"https:\/\/prio.swiss\/it\/prio-swiss-entrera-in-funzione-il-6-gennaio-2025\/","og_site_name":"Prio.Swiss \u2013 Der Verband Schweizer Krankenversicherer","article_published_time":"2024-12-19T08:44:42+00:00","article_modified_time":"2025-08-12T15:45:39+00:00","author":"admin","twitter_card":"summary_large_image","twitter_misc":{"Scritto da":"admin","Tempo di lettura stimato":"1 minuto"},"schema":{"@context":"https:\/\/schema.org","@graph":[{"@type":"WebPage","@id":"https:\/\/prio.swiss\/it\/prio-swiss-entrera-in-funzione-il-6-gennaio-2025\/","url":"https:\/\/prio.swiss\/it\/prio-swiss-entrera-in-funzione-il-6-gennaio-2025\/","name":"prio.swiss entrer\u00e0 in funzione il 6 gennaio 2025 - Prio.Swiss \u2013 Der Verband Schweizer Krankenversicherer","isPartOf":{"@id":"https:\/\/prio.swiss\/#website"},"datePublished":"2024-12-19T08:44:42+00:00","dateModified":"2025-08-12T15:45:39+00:00","author":{"@id":"https:\/\/prio.swiss\/#\/schema\/person\/1cb8c5c9e7fd74a6b9ca9fdbcee78116"},"breadcrumb":{"@id":"https:\/\/prio.swiss\/it\/prio-swiss-entrera-in-funzione-il-6-gennaio-2025\/#breadcrumb"},"inLanguage":"it-IT","potentialAction":[{"@type":"ReadAction","target":["https:\/\/prio.swiss\/it\/prio-swiss-entrera-in-funzione-il-6-gennaio-2025\/"]}]},{"@type":"BreadcrumbList","@id":"https:\/\/prio.swiss\/it\/prio-swiss-entrera-in-funzione-il-6-gennaio-2025\/#breadcrumb","itemListElement":[{"@type":"ListItem","position":1,"name":"Startseite","item":"https:\/\/prio.swiss\/fr\/"},{"@type":"ListItem","position":2,"name":"prio.swiss entrer\u00e0 in funzione il 6 gennaio 2025"}]},{"@type":"WebSite","@id":"https:\/\/prio.swiss\/#website","url":"https:\/\/prio.swiss\/","name":"Prio.Swiss \u2013 Der Verband Schweizer Krankenversicherer","description":"","potentialAction":[{"@type":"SearchAction","target":{"@type":"EntryPoint","urlTemplate":"https:\/\/prio.swiss\/?s={search_term_string}"},"query-input":{"@type":"PropertyValueSpecification","valueRequired":true,"valueName":"search_term_string"}}],"inLanguage":"it-IT"},{"@type":"Person","@id":"https:\/\/prio.swiss\/#\/schema\/person\/1cb8c5c9e7fd74a6b9ca9fdbcee78116","name":"admin","image":{"@type":"ImageObject","inLanguage":"it-IT","@id":"https:\/\/prio.swiss\/#\/schema\/person\/image\/","url":"https:\/\/secure.gravatar.com\/avatar\/1f737e8ab53cd8d54c4dc87df139b4ab00aabf9f3101fe7ddccd23192e38f010?s=96&d=mm&r=g","contentUrl":"https:\/\/secure.gravatar.com\/avatar\/1f737e8ab53cd8d54c4dc87df139b4ab00aabf9f3101fe7ddccd23192e38f010?s=96&d=mm&r=g","caption":"admin"},"sameAs":["https:\/\/prio.swiss"]}]}},"_links":{"self":[{"href":"https:\/\/prio.swiss\/it\/wp-json\/wp\/v2\/posts\/1076","targetHints":{"allow":["GET"]}}],"collection":[{"href":"https:\/\/prio.swiss\/it\/wp-json\/wp\/v2\/posts"}],"about":[{"href":"https:\/\/prio.swiss\/it\/wp-json\/wp\/v2\/types\/post"}],"author":[{"embeddable":true,"href":"https:\/\/prio.swiss\/it\/wp-json\/wp\/v2\/users\/1"}],"replies":[{"embeddable":true,"href":"https:\/\/prio.swiss\/it\/wp-json\/wp\/v2\/comments?post=1076"}],"version-history":[{"count":5,"href":"https:\/\/prio.swiss\/it\/wp-json\/wp\/v2\/posts\/1076\/revisions"}],"predecessor-version":[{"id":3678,"href":"https:\/\/prio.swiss\/it\/wp-json\/wp\/v2\/posts\/1076\/revisions\/3678"}],"wp:attachment":[{"href":"https:\/\/prio.swiss\/it\/wp-json\/wp\/v2\/media?parent=1076"}],"wp:term":[{"taxonomy":"category","embeddable":true,"href":"https:\/\/prio.swiss\/it\/wp-json\/wp\/v2\/categories?post=1076"},{"taxonomy":"post_tag","embeddable":true,"href":"https:\/\/prio.swiss\/it\/wp-json\/wp\/v2\/tags?post=1076"}],"curies":[{"name":"wp","href":"https:\/\/api.w.org\/{rel}","templated":true}]}}