{"id":1937,"date":"2025-03-19T10:15:28","date_gmt":"2025-03-19T10:15:28","guid":{"rendered":"https:\/\/prio.swiss\/?p=1937"},"modified":"2025-08-22T11:59:51","modified_gmt":"2025-08-22T11:59:51","slug":"pianificazione-ospedaliera-intercantonale-migliorare-il-coordinamento-rafforzare-la-qualita-contenere-i-costi","status":"publish","type":"post","link":"https:\/\/prio.swiss\/it\/pianificazione-ospedaliera-intercantonale-migliorare-il-coordinamento-rafforzare-la-qualita-contenere-i-costi\/","title":{"rendered":"Pianificazione ospedaliera intercantonale: migliorare il coordinamento, rafforzare la qualit\u00e0, contenere i costi"},"content":{"rendered":"<p>19.03.2025<\/p>\n<p><strong>Il Consiglio degli Stati auspica che i Cantoni migliorino la pianificazione ospedaliera congiunta e ha accolto una mozione che punta a obbligarli per legge a coordinare e ad attribuire congiuntamente i mandati di prestazione all\u2019interno di regioni sanitarie intercantonali. prio.swiss accoglie con favore questo importante passo verso un effettivo coordinamento della pianificazione ospedaliera. Un maggiore coordinamento permette di evitare costosi doppioni, inefficienze e situazioni di eccesso di offerta. Questo, a sua volta, consentir\u00e0 di operare investimenti pi\u00f9 mirati, migliorare la qualit\u00e0 dell\u2019assistenza sanitaria e attenuare la carenza di personale qualificato.<\/strong><\/p>\n<p>Il Consiglio degli Stati ha approvato la mozione \u00ab<a href=\"https:\/\/www.parlament.ch\/it\/ratsbetrieb\/suche-curia-vista\/geschaeft?AffairId=20253017\">25.3017<\/a> \u2013 Rafforzare la pianificazione ospedaliera attraverso elenchi intercantonali di ospedali\u00bb depositata dalla propria Commissione della sicurezza sociale e della sanit\u00e0 (CSSS-S) con 41 voti favorevoli, 2 contrari e 1 astensione. prio.swiss condivide l\u2019orientamento della mozione, secondo cui la pianificazione ospedaliera debba rimanere di competenza cantonale: solo i Cantoni, infatti, conoscono le esigenze regionali, che devono essere prese adeguatamente in considerazione anche nella pianificazione sanitaria sovraregionale. prio.swiss ritiene tuttavia che la pianificazione delle cure stazionarie debba essere coordinata in modo pi\u00f9 vincolante.<\/p>\n<p><strong>Un\u2019offerta ospedaliera coordinata migliora la qualit\u00e0 e riduce i costi<\/strong><\/p>\n<p>Finora i Cantoni si sono limitati a coordinare la pianificazione dei bisogni in varie zone ma non i mandati di prestazioni attribuiti alle strutture ospedaliere, ossia l\u2019offerta effettiva di cure stazionarie.<\/p>\n<p>prio.swiss \u00e8 per\u00f2 convinta che il coordinamento dell\u2019offerta sia assolutamente necessario: i Cantoni devono coordinare anche i mandati di prestazioni da attribuire agli ospedali e, di rimando, l\u2019offerta effettiva di cure stazionarie all\u2019interno di regioni sanitarie intercantonali. Solo cos\u00ec si pu\u00f2 limitare l\u2019attuale eccesso di offerta nel settore stazionario e ridurre significativamente i costi migliorando al contempo la qualit\u00e0, come sottolinea d\u2019altronde la mozione della CSSS-S. Un maggiore coordinamento consente di identificare e di eliminare costosi doppioni, inefficienze e situazioni di eccesso di prestazioni, operare investimenti pi\u00f9 mirati e attenuare la carenza di personale qualificato.<\/p>\n<p>Ne risulterebbe anche un miglioramento della qualit\u00e0: non essendo pi\u00f9 tenuti a offrire tutte le prestazioni, gli ospedali potrebbero concentrarsi su determinate cure, garantendo un numero minimo di trattamenti e quindi una migliore qualit\u00e0. Secondo la mozione, la Confederazione deve poter intervenire a titolo sussidiario solo se i Cantoni non adempiono i loro obblighi, analogamente a quanto previsto per la medicina altamente specializzata.<\/p>\n","protected":false},"excerpt":{"rendered":"<p>Il Consiglio degli Stati auspica che i Cantoni migliorino la pianificazione ospedaliera congiunta e ha accolto una mozione che punta a obbligarli per legge a coordinare e ad attribuire congiuntamente i mandati di prestazione all\u2019interno di regioni sanitarie intercantonali.<\/p>\n","protected":false},"author":5,"featured_media":0,"comment_status":"closed","ping_status":"closed","sticky":false,"template":"","format":"standard","meta":{"_acf_changed":false,"footnotes":""},"categories":[27],"tags":[],"class_list":["post-1937","post","type-post","status-publish","format-standard","hentry","category-comunicati"],"acf":[],"yoast_head":"<!-- This site is optimized with the Yoast SEO plugin v26.6 - https:\/\/yoast.com\/wordpress\/plugins\/seo\/ -->\n<title>Pianificazione ospedaliera intercantonale: migliorare il coordinamento, rafforzare la qualit\u00e0, contenere i costi - Prio.Swiss \u2013 Der Verband Schweizer Krankenversicherer<\/title>\n<meta name=\"robots\" content=\"index, follow, max-snippet:-1, max-image-preview:large, max-video-preview:-1\" \/>\n<link rel=\"canonical\" href=\"https:\/\/prio.swiss\/it\/pianificazione-ospedaliera-intercantonale-migliorare-il-coordinamento-rafforzare-la-qualita-contenere-i-costi\/\" \/>\n<meta property=\"og:locale\" content=\"it_IT\" \/>\n<meta property=\"og:type\" content=\"article\" \/>\n<meta property=\"og:title\" content=\"Pianificazione ospedaliera intercantonale: migliorare il coordinamento, rafforzare la qualit\u00e0, contenere i costi - Prio.Swiss \u2013 Der Verband Schweizer Krankenversicherer\" \/>\n<meta property=\"og:description\" content=\"Il Consiglio degli Stati auspica che i Cantoni migliorino la pianificazione ospedaliera congiunta e ha accolto una mozione che punta a obbligarli per legge a coordinare e ad attribuire congiuntamente i mandati di prestazione all\u2019interno di regioni sanitarie intercantonali.\" \/>\n<meta property=\"og:url\" content=\"https:\/\/prio.swiss\/it\/pianificazione-ospedaliera-intercantonale-migliorare-il-coordinamento-rafforzare-la-qualita-contenere-i-costi\/\" \/>\n<meta property=\"og:site_name\" content=\"Prio.Swiss \u2013 Der Verband Schweizer Krankenversicherer\" \/>\n<meta property=\"article:published_time\" content=\"2025-03-19T10:15:28+00:00\" \/>\n<meta property=\"article:modified_time\" content=\"2025-08-22T11:59:51+00:00\" \/>\n<meta name=\"author\" content=\"Ivo Giudicetti\" \/>\n<meta name=\"twitter:card\" content=\"summary_large_image\" \/>\n<meta name=\"twitter:label1\" content=\"Scritto da\" \/>\n\t<meta name=\"twitter:data1\" content=\"Ivo Giudicetti\" \/>\n\t<meta name=\"twitter:label2\" content=\"Tempo di lettura stimato\" \/>\n\t<meta name=\"twitter:data2\" content=\"3 minuti\" \/>\n<script type=\"application\/ld+json\" class=\"yoast-schema-graph\">{\"@context\":\"https:\/\/schema.org\",\"@graph\":[{\"@type\":\"WebPage\",\"@id\":\"https:\/\/prio.swiss\/it\/pianificazione-ospedaliera-intercantonale-migliorare-il-coordinamento-rafforzare-la-qualita-contenere-i-costi\/\",\"url\":\"https:\/\/prio.swiss\/it\/pianificazione-ospedaliera-intercantonale-migliorare-il-coordinamento-rafforzare-la-qualita-contenere-i-costi\/\",\"name\":\"Pianificazione ospedaliera intercantonale: migliorare il coordinamento, rafforzare la qualit\u00e0, contenere i costi - Prio.Swiss \u2013 Der Verband Schweizer Krankenversicherer\",\"isPartOf\":{\"@id\":\"https:\/\/prio.swiss\/#website\"},\"datePublished\":\"2025-03-19T10:15:28+00:00\",\"dateModified\":\"2025-08-22T11:59:51+00:00\",\"author\":{\"@id\":\"https:\/\/prio.swiss\/#\/schema\/person\/4d9497c27b718f03a1e874527475adea\"},\"breadcrumb\":{\"@id\":\"https:\/\/prio.swiss\/it\/pianificazione-ospedaliera-intercantonale-migliorare-il-coordinamento-rafforzare-la-qualita-contenere-i-costi\/#breadcrumb\"},\"inLanguage\":\"it-IT\",\"potentialAction\":[{\"@type\":\"ReadAction\",\"target\":[\"https:\/\/prio.swiss\/it\/pianificazione-ospedaliera-intercantonale-migliorare-il-coordinamento-rafforzare-la-qualita-contenere-i-costi\/\"]}]},{\"@type\":\"BreadcrumbList\",\"@id\":\"https:\/\/prio.swiss\/it\/pianificazione-ospedaliera-intercantonale-migliorare-il-coordinamento-rafforzare-la-qualita-contenere-i-costi\/#breadcrumb\",\"itemListElement\":[{\"@type\":\"ListItem\",\"position\":1,\"name\":\"Startseite\",\"item\":\"https:\/\/prio.swiss\/fr\/\"},{\"@type\":\"ListItem\",\"position\":2,\"name\":\"Pianificazione ospedaliera intercantonale: migliorare il coordinamento, rafforzare la qualit\u00e0, contenere i costi\"}]},{\"@type\":\"WebSite\",\"@id\":\"https:\/\/prio.swiss\/#website\",\"url\":\"https:\/\/prio.swiss\/\",\"name\":\"Prio.Swiss \u2013 Der Verband Schweizer Krankenversicherer\",\"description\":\"\",\"potentialAction\":[{\"@type\":\"SearchAction\",\"target\":{\"@type\":\"EntryPoint\",\"urlTemplate\":\"https:\/\/prio.swiss\/?s={search_term_string}\"},\"query-input\":{\"@type\":\"PropertyValueSpecification\",\"valueRequired\":true,\"valueName\":\"search_term_string\"}}],\"inLanguage\":\"it-IT\"},{\"@type\":\"Person\",\"@id\":\"https:\/\/prio.swiss\/#\/schema\/person\/4d9497c27b718f03a1e874527475adea\",\"name\":\"Ivo Giudicetti\",\"image\":{\"@type\":\"ImageObject\",\"inLanguage\":\"it-IT\",\"@id\":\"https:\/\/prio.swiss\/#\/schema\/person\/image\/\",\"url\":\"https:\/\/secure.gravatar.com\/avatar\/a9556a66894283924e2a939c86ab0cdd52d95066a830df044151992e554b0577?s=96&d=mm&r=g\",\"contentUrl\":\"https:\/\/secure.gravatar.com\/avatar\/a9556a66894283924e2a939c86ab0cdd52d95066a830df044151992e554b0577?s=96&d=mm&r=g\",\"caption\":\"Ivo Giudicetti\"}}]}<\/script>\n<!-- \/ Yoast SEO plugin. -->","yoast_head_json":{"title":"Pianificazione ospedaliera intercantonale: migliorare il coordinamento, rafforzare la qualit\u00e0, contenere i costi - Prio.Swiss \u2013 Der Verband Schweizer Krankenversicherer","robots":{"index":"index","follow":"follow","max-snippet":"max-snippet:-1","max-image-preview":"max-image-preview:large","max-video-preview":"max-video-preview:-1"},"canonical":"https:\/\/prio.swiss\/it\/pianificazione-ospedaliera-intercantonale-migliorare-il-coordinamento-rafforzare-la-qualita-contenere-i-costi\/","og_locale":"it_IT","og_type":"article","og_title":"Pianificazione ospedaliera intercantonale: migliorare il coordinamento, rafforzare la qualit\u00e0, contenere i costi - Prio.Swiss \u2013 Der Verband Schweizer Krankenversicherer","og_description":"Il Consiglio degli Stati auspica che i Cantoni migliorino la pianificazione ospedaliera congiunta e ha accolto una mozione che punta a obbligarli per legge a coordinare e ad attribuire congiuntamente i mandati di prestazione all\u2019interno di regioni sanitarie intercantonali.","og_url":"https:\/\/prio.swiss\/it\/pianificazione-ospedaliera-intercantonale-migliorare-il-coordinamento-rafforzare-la-qualita-contenere-i-costi\/","og_site_name":"Prio.Swiss \u2013 Der Verband Schweizer Krankenversicherer","article_published_time":"2025-03-19T10:15:28+00:00","article_modified_time":"2025-08-22T11:59:51+00:00","author":"Ivo Giudicetti","twitter_card":"summary_large_image","twitter_misc":{"Scritto da":"Ivo Giudicetti","Tempo di lettura stimato":"3 minuti"},"schema":{"@context":"https:\/\/schema.org","@graph":[{"@type":"WebPage","@id":"https:\/\/prio.swiss\/it\/pianificazione-ospedaliera-intercantonale-migliorare-il-coordinamento-rafforzare-la-qualita-contenere-i-costi\/","url":"https:\/\/prio.swiss\/it\/pianificazione-ospedaliera-intercantonale-migliorare-il-coordinamento-rafforzare-la-qualita-contenere-i-costi\/","name":"Pianificazione ospedaliera intercantonale: migliorare il coordinamento, rafforzare la qualit\u00e0, contenere i costi - Prio.Swiss \u2013 Der Verband Schweizer Krankenversicherer","isPartOf":{"@id":"https:\/\/prio.swiss\/#website"},"datePublished":"2025-03-19T10:15:28+00:00","dateModified":"2025-08-22T11:59:51+00:00","author":{"@id":"https:\/\/prio.swiss\/#\/schema\/person\/4d9497c27b718f03a1e874527475adea"},"breadcrumb":{"@id":"https:\/\/prio.swiss\/it\/pianificazione-ospedaliera-intercantonale-migliorare-il-coordinamento-rafforzare-la-qualita-contenere-i-costi\/#breadcrumb"},"inLanguage":"it-IT","potentialAction":[{"@type":"ReadAction","target":["https:\/\/prio.swiss\/it\/pianificazione-ospedaliera-intercantonale-migliorare-il-coordinamento-rafforzare-la-qualita-contenere-i-costi\/"]}]},{"@type":"BreadcrumbList","@id":"https:\/\/prio.swiss\/it\/pianificazione-ospedaliera-intercantonale-migliorare-il-coordinamento-rafforzare-la-qualita-contenere-i-costi\/#breadcrumb","itemListElement":[{"@type":"ListItem","position":1,"name":"Startseite","item":"https:\/\/prio.swiss\/fr\/"},{"@type":"ListItem","position":2,"name":"Pianificazione ospedaliera intercantonale: migliorare il coordinamento, rafforzare la qualit\u00e0, contenere i costi"}]},{"@type":"WebSite","@id":"https:\/\/prio.swiss\/#website","url":"https:\/\/prio.swiss\/","name":"Prio.Swiss \u2013 Der Verband Schweizer Krankenversicherer","description":"","potentialAction":[{"@type":"SearchAction","target":{"@type":"EntryPoint","urlTemplate":"https:\/\/prio.swiss\/?s={search_term_string}"},"query-input":{"@type":"PropertyValueSpecification","valueRequired":true,"valueName":"search_term_string"}}],"inLanguage":"it-IT"},{"@type":"Person","@id":"https:\/\/prio.swiss\/#\/schema\/person\/4d9497c27b718f03a1e874527475adea","name":"Ivo Giudicetti","image":{"@type":"ImageObject","inLanguage":"it-IT","@id":"https:\/\/prio.swiss\/#\/schema\/person\/image\/","url":"https:\/\/secure.gravatar.com\/avatar\/a9556a66894283924e2a939c86ab0cdd52d95066a830df044151992e554b0577?s=96&d=mm&r=g","contentUrl":"https:\/\/secure.gravatar.com\/avatar\/a9556a66894283924e2a939c86ab0cdd52d95066a830df044151992e554b0577?s=96&d=mm&r=g","caption":"Ivo Giudicetti"}}]}},"_links":{"self":[{"href":"https:\/\/prio.swiss\/it\/wp-json\/wp\/v2\/posts\/1937","targetHints":{"allow":["GET"]}}],"collection":[{"href":"https:\/\/prio.swiss\/it\/wp-json\/wp\/v2\/posts"}],"about":[{"href":"https:\/\/prio.swiss\/it\/wp-json\/wp\/v2\/types\/post"}],"author":[{"embeddable":true,"href":"https:\/\/prio.swiss\/it\/wp-json\/wp\/v2\/users\/5"}],"replies":[{"embeddable":true,"href":"https:\/\/prio.swiss\/it\/wp-json\/wp\/v2\/comments?post=1937"}],"version-history":[{"count":11,"href":"https:\/\/prio.swiss\/it\/wp-json\/wp\/v2\/posts\/1937\/revisions"}],"predecessor-version":[{"id":3974,"href":"https:\/\/prio.swiss\/it\/wp-json\/wp\/v2\/posts\/1937\/revisions\/3974"}],"wp:attachment":[{"href":"https:\/\/prio.swiss\/it\/wp-json\/wp\/v2\/media?parent=1937"}],"wp:term":[{"taxonomy":"category","embeddable":true,"href":"https:\/\/prio.swiss\/it\/wp-json\/wp\/v2\/categories?post=1937"},{"taxonomy":"post_tag","embeddable":true,"href":"https:\/\/prio.swiss\/it\/wp-json\/wp\/v2\/tags?post=1937"}],"curies":[{"name":"wp","href":"https:\/\/api.w.org\/{rel}","templated":true}]}}