{"id":2697,"date":"2025-05-27T08:00:12","date_gmt":"2025-05-27T08:00:12","guid":{"rendered":"https:\/\/prio.swiss\/?p=2697"},"modified":"2025-08-22T11:46:51","modified_gmt":"2025-08-22T11:46:51","slug":"implementata-con-successo-la-convenzione-sulla-qualita-tra-ospedali-e-cliniche-e-gli-assicuratori","status":"publish","type":"post","link":"https:\/\/prio.swiss\/it\/implementata-con-successo-la-convenzione-sulla-qualita-tra-ospedali-e-cliniche-e-gli-assicuratori\/","title":{"rendered":"Implementata con successo la Convenzione sulla qualit\u00e0 tra ospedali e cliniche e gli assicuratori"},"content":{"rendered":"<p>27.05.2025<\/p>\n<p><strong>Da un anno sono in vigore la Convenzione sulla qualit\u00e0 ai sensi dell\u2019art. 58a LAMal tra l\u2019associazione degli ospedali H+ e l\u2019associazione degli assicuratori malattia svizzeri prio.swiss e la Convenzione sulla qualit\u00e0 con la Commissione delle tariffe mediche (CTM) elaborata parallelamente. I risultati del primo anno confermano la priorit\u00e0 elevata dedicata a questo argomento nelle istituzioni sanitarie: oltre il 90% degli ospedali e delle cliniche svizzeri hanno partecipato alla prima autocertificazione, ove oltre il 60% di essi gi\u00e0 dispongono di un sistema di gestione della qualit\u00e0 completamente implementato. Dal 2026 seguiranno verifiche vincolanti di routine. Fino ad allora degli audit pilota dovranno ottimizzare la procedura. Tutti i dati e i risultati sono pubblicamente consultabili sul sito web <\/strong><a href=\"https:\/\/www.info-ospedali.ch\/\"><strong>info-ospedali.ch<\/strong><\/a><strong>. La collaborazione coordinata tra ospedali e assicuratori sottolinea l\u2019obiettivo comune: uno sviluppo sostenibile della qualit\u00e0 delle cure e della sicurezza dei pazienti.<\/strong><\/p>\n<p>Nel mese di maggio 2024 il Consiglio federale ha approvato e messo in vigore la Convenzione sulla qualit\u00e0 ai sensi dell&#8217;art. 58a LAMal tra ospedali e cliniche (H+) e gli assicuratori malattie (da gennaio 2025 prio.swiss). Parallelamente, \u00e8 entrato in vigore il medesimo contratto sulla qualit\u00e0 ai sensi dell\u2019art. 58a LAMal tra gli ospedali e le cliniche (H+), la Commissione delle tariffe mediche LAINF (CTM) nonch\u00e9 l\u2019assicurazione per l\u2019invalidit\u00e0 e quella militare. Gi\u00e0 durante il primo anno di applicazione \u00e8 stato possibile raggiungere importanti pietre miliari. Al centro dell\u2019attenzione vi era l\u2019implementazione di sistemi di gestione della qualit\u00e0 (SGQ) negli ospedali e nelle cliniche e i lavori preparativi in vista delle future verifiche. La collaborazione stretta e buona tra ospedali e assicuratori permette un\u2019attuazione coordinata.<\/p>\n<p><strong>Risultato positivo dell\u2019autocertificazione<\/strong><\/p>\n<p>In un primo passo, l&#8217;anno scorso tutti gli ospedali e le cliniche della Svizzera sono stati incitati a compilare un\u2019autocertificazione sullo stato dell\u2019introduzione dei sistemi di gestione della qualit\u00e0 (SGQ) e la cultura della qualit\u00e0. Oltre il 90 per cento di tutti gli ospedali e di tutte le cliniche ha adempiuto tale prescrizione. Ci\u00f2 dimostra che la maggior parte degli ospedali attribuisce molta importanza all&#8217;argomento. Oltre il 60 per cento degli ospedali e delle cliniche dispongono perci\u00f2 gi\u00e0 di un sistema di gestione della qualit\u00e0 completamente introdotto, in ulteriori 30 per cento quest\u2019ultimo \u00e8 in fase di implementazione. Oltre i tre quarti di tutte le istituzioni dispongono inoltre di un <em>Critical Incident Reporting System<\/em> (CIRS), vale a dire un sistema di resoconto per la notifica anonima di eventi critici, in ulteriori 15 per cento delle aziende un tale sistema \u00e8 in fase di implementazione. Tutte le informazioni sono disponibili al pubblico sul sito web <a href=\"https:\/\/www.info-ospedali.ch\/\">info-ospedali.ch<\/a>.<\/p>\n<p><strong>Previste prime verifiche in corso<\/strong><\/p>\n<p>In futuro, le autocertificazioni degli ospedali e delle cliniche saranno confermate mediante verifiche indipendenti esterne. Nel 2025 tali organismi di controllo effettuano verifiche pilota in ospedali e cliniche scelti per testare e ottimizzare la procedura. Dall\u2019anno 2026 delle verifiche di routine creeranno una forza obbligatoria ancora maggiore.<\/p>\n<p><strong>Sviluppo ulteriore trasparente della qualit\u00e0<\/strong><\/p>\n<p>Con la Convenzione sulla qualit\u00e0 ospedali e cliniche e gli assicuratori malattie adempiono le prescrizioni di legge. Nel contempo, in tal modo, viene pure creata una cultura dello sviluppo della qualit\u00e0 nel settore ospedaliero. L\u2019obiettivo \u00e8 chiaro: uno sviluppo ulteriore continuo e un miglioramento della qualit\u00e0 di trattamento e della sicurezza del paziente. Un ruolo importante in questo contesto \u00e8 assunto pure dalla trasparenza: tutte le misure di miglioramento della qualit\u00e0 scelte e lo stato dell\u2019introduzione delle medesime vengono pubblicati in maniera trasparente. Ci\u00f2 vale pure per i risultati delle verifiche indipendenti. Questi e altri risultati riferiti a ospedali e cliniche vengono pubblicati sul sito web <a href=\"https:\/\/www.info-ospedali.ch\/\">info-ospedali.ch<\/a>. Tutti questi lavori rappresentano una base solida per lo sviluppo ulteriore della qualit\u00e0. Negli anni a venire si tratter\u00e0 di proseguire con questi sforzi e di raggiungere ulteriori progressi.<\/p>\n","protected":false},"excerpt":{"rendered":"<p>Da un anno sono in vigore la Convenzione sulla qualit\u00e0 ai sensi dell\u2019art. 58a LAMal tra l\u2019associazione degli ospedali H+ e l\u2019associazione degli assicuratori malattia svizzeri prio.swiss e la Convenzione sulla qualit\u00e0 con la Commissione delle tariffe mediche (CTM) elaborata parallelamente.<\/p>\n","protected":false},"author":5,"featured_media":0,"comment_status":"closed","ping_status":"closed","sticky":false,"template":"","format":"standard","meta":{"_acf_changed":false,"footnotes":""},"categories":[27],"tags":[],"class_list":["post-2697","post","type-post","status-publish","format-standard","hentry","category-comunicati"],"acf":[],"yoast_head":"<!-- This site is optimized with the Yoast SEO plugin v26.6 - https:\/\/yoast.com\/wordpress\/plugins\/seo\/ -->\n<title>Implementata con successo la Convenzione sulla qualit\u00e0 tra ospedali e cliniche e gli assicuratori - Prio.Swiss \u2013 Der Verband Schweizer Krankenversicherer<\/title>\n<meta name=\"robots\" content=\"index, follow, max-snippet:-1, max-image-preview:large, max-video-preview:-1\" \/>\n<link rel=\"canonical\" href=\"https:\/\/prio.swiss\/it\/implementata-con-successo-la-convenzione-sulla-qualita-tra-ospedali-e-cliniche-e-gli-assicuratori\/\" \/>\n<meta property=\"og:locale\" content=\"it_IT\" \/>\n<meta property=\"og:type\" content=\"article\" \/>\n<meta property=\"og:title\" content=\"Implementata con successo la Convenzione sulla qualit\u00e0 tra ospedali e cliniche e gli assicuratori - Prio.Swiss \u2013 Der Verband Schweizer Krankenversicherer\" \/>\n<meta property=\"og:description\" content=\"Da un anno sono in vigore la Convenzione sulla qualit\u00e0 ai sensi dell\u2019art. 58a LAMal tra l\u2019associazione degli ospedali H+ e l\u2019associazione degli assicuratori malattia svizzeri prio.swiss e la Convenzione sulla qualit\u00e0 con la Commissione delle tariffe mediche (CTM) elaborata parallelamente.\" \/>\n<meta property=\"og:url\" content=\"https:\/\/prio.swiss\/it\/implementata-con-successo-la-convenzione-sulla-qualita-tra-ospedali-e-cliniche-e-gli-assicuratori\/\" \/>\n<meta property=\"og:site_name\" content=\"Prio.Swiss \u2013 Der Verband Schweizer Krankenversicherer\" \/>\n<meta property=\"article:published_time\" content=\"2025-05-27T08:00:12+00:00\" \/>\n<meta property=\"article:modified_time\" content=\"2025-08-22T11:46:51+00:00\" \/>\n<meta name=\"author\" content=\"Ivo Giudicetti\" \/>\n<meta name=\"twitter:card\" content=\"summary_large_image\" \/>\n<meta name=\"twitter:label1\" content=\"Scritto da\" \/>\n\t<meta name=\"twitter:data1\" content=\"Ivo Giudicetti\" \/>\n\t<meta name=\"twitter:label2\" content=\"Tempo di lettura stimato\" \/>\n\t<meta name=\"twitter:data2\" content=\"4 minuti\" \/>\n<script type=\"application\/ld+json\" class=\"yoast-schema-graph\">{\"@context\":\"https:\/\/schema.org\",\"@graph\":[{\"@type\":\"WebPage\",\"@id\":\"https:\/\/prio.swiss\/it\/implementata-con-successo-la-convenzione-sulla-qualita-tra-ospedali-e-cliniche-e-gli-assicuratori\/\",\"url\":\"https:\/\/prio.swiss\/it\/implementata-con-successo-la-convenzione-sulla-qualita-tra-ospedali-e-cliniche-e-gli-assicuratori\/\",\"name\":\"Implementata con successo la Convenzione sulla qualit\u00e0 tra ospedali e cliniche e gli assicuratori - Prio.Swiss \u2013 Der Verband Schweizer Krankenversicherer\",\"isPartOf\":{\"@id\":\"https:\/\/prio.swiss\/#website\"},\"datePublished\":\"2025-05-27T08:00:12+00:00\",\"dateModified\":\"2025-08-22T11:46:51+00:00\",\"author\":{\"@id\":\"https:\/\/prio.swiss\/#\/schema\/person\/4d9497c27b718f03a1e874527475adea\"},\"breadcrumb\":{\"@id\":\"https:\/\/prio.swiss\/it\/implementata-con-successo-la-convenzione-sulla-qualita-tra-ospedali-e-cliniche-e-gli-assicuratori\/#breadcrumb\"},\"inLanguage\":\"it-IT\",\"potentialAction\":[{\"@type\":\"ReadAction\",\"target\":[\"https:\/\/prio.swiss\/it\/implementata-con-successo-la-convenzione-sulla-qualita-tra-ospedali-e-cliniche-e-gli-assicuratori\/\"]}]},{\"@type\":\"BreadcrumbList\",\"@id\":\"https:\/\/prio.swiss\/it\/implementata-con-successo-la-convenzione-sulla-qualita-tra-ospedali-e-cliniche-e-gli-assicuratori\/#breadcrumb\",\"itemListElement\":[{\"@type\":\"ListItem\",\"position\":1,\"name\":\"Startseite\",\"item\":\"https:\/\/prio.swiss\/fr\/\"},{\"@type\":\"ListItem\",\"position\":2,\"name\":\"Implementata con successo la Convenzione sulla qualit\u00e0 tra ospedali e cliniche e gli assicuratori\"}]},{\"@type\":\"WebSite\",\"@id\":\"https:\/\/prio.swiss\/#website\",\"url\":\"https:\/\/prio.swiss\/\",\"name\":\"Prio.Swiss \u2013 Der Verband Schweizer Krankenversicherer\",\"description\":\"\",\"potentialAction\":[{\"@type\":\"SearchAction\",\"target\":{\"@type\":\"EntryPoint\",\"urlTemplate\":\"https:\/\/prio.swiss\/?s={search_term_string}\"},\"query-input\":{\"@type\":\"PropertyValueSpecification\",\"valueRequired\":true,\"valueName\":\"search_term_string\"}}],\"inLanguage\":\"it-IT\"},{\"@type\":\"Person\",\"@id\":\"https:\/\/prio.swiss\/#\/schema\/person\/4d9497c27b718f03a1e874527475adea\",\"name\":\"Ivo Giudicetti\",\"image\":{\"@type\":\"ImageObject\",\"inLanguage\":\"it-IT\",\"@id\":\"https:\/\/prio.swiss\/#\/schema\/person\/image\/\",\"url\":\"https:\/\/secure.gravatar.com\/avatar\/a9556a66894283924e2a939c86ab0cdd52d95066a830df044151992e554b0577?s=96&d=mm&r=g\",\"contentUrl\":\"https:\/\/secure.gravatar.com\/avatar\/a9556a66894283924e2a939c86ab0cdd52d95066a830df044151992e554b0577?s=96&d=mm&r=g\",\"caption\":\"Ivo Giudicetti\"}}]}<\/script>\n<!-- \/ Yoast SEO plugin. -->","yoast_head_json":{"title":"Implementata con successo la Convenzione sulla qualit\u00e0 tra ospedali e cliniche e gli assicuratori - Prio.Swiss \u2013 Der Verband Schweizer Krankenversicherer","robots":{"index":"index","follow":"follow","max-snippet":"max-snippet:-1","max-image-preview":"max-image-preview:large","max-video-preview":"max-video-preview:-1"},"canonical":"https:\/\/prio.swiss\/it\/implementata-con-successo-la-convenzione-sulla-qualita-tra-ospedali-e-cliniche-e-gli-assicuratori\/","og_locale":"it_IT","og_type":"article","og_title":"Implementata con successo la Convenzione sulla qualit\u00e0 tra ospedali e cliniche e gli assicuratori - Prio.Swiss \u2013 Der Verband Schweizer Krankenversicherer","og_description":"Da un anno sono in vigore la Convenzione sulla qualit\u00e0 ai sensi dell\u2019art. 58a LAMal tra l\u2019associazione degli ospedali H+ e l\u2019associazione degli assicuratori malattia svizzeri prio.swiss e la Convenzione sulla qualit\u00e0 con la Commissione delle tariffe mediche (CTM) elaborata parallelamente.","og_url":"https:\/\/prio.swiss\/it\/implementata-con-successo-la-convenzione-sulla-qualita-tra-ospedali-e-cliniche-e-gli-assicuratori\/","og_site_name":"Prio.Swiss \u2013 Der Verband Schweizer Krankenversicherer","article_published_time":"2025-05-27T08:00:12+00:00","article_modified_time":"2025-08-22T11:46:51+00:00","author":"Ivo Giudicetti","twitter_card":"summary_large_image","twitter_misc":{"Scritto da":"Ivo Giudicetti","Tempo di lettura stimato":"4 minuti"},"schema":{"@context":"https:\/\/schema.org","@graph":[{"@type":"WebPage","@id":"https:\/\/prio.swiss\/it\/implementata-con-successo-la-convenzione-sulla-qualita-tra-ospedali-e-cliniche-e-gli-assicuratori\/","url":"https:\/\/prio.swiss\/it\/implementata-con-successo-la-convenzione-sulla-qualita-tra-ospedali-e-cliniche-e-gli-assicuratori\/","name":"Implementata con successo la Convenzione sulla qualit\u00e0 tra ospedali e cliniche e gli assicuratori - Prio.Swiss \u2013 Der Verband Schweizer Krankenversicherer","isPartOf":{"@id":"https:\/\/prio.swiss\/#website"},"datePublished":"2025-05-27T08:00:12+00:00","dateModified":"2025-08-22T11:46:51+00:00","author":{"@id":"https:\/\/prio.swiss\/#\/schema\/person\/4d9497c27b718f03a1e874527475adea"},"breadcrumb":{"@id":"https:\/\/prio.swiss\/it\/implementata-con-successo-la-convenzione-sulla-qualita-tra-ospedali-e-cliniche-e-gli-assicuratori\/#breadcrumb"},"inLanguage":"it-IT","potentialAction":[{"@type":"ReadAction","target":["https:\/\/prio.swiss\/it\/implementata-con-successo-la-convenzione-sulla-qualita-tra-ospedali-e-cliniche-e-gli-assicuratori\/"]}]},{"@type":"BreadcrumbList","@id":"https:\/\/prio.swiss\/it\/implementata-con-successo-la-convenzione-sulla-qualita-tra-ospedali-e-cliniche-e-gli-assicuratori\/#breadcrumb","itemListElement":[{"@type":"ListItem","position":1,"name":"Startseite","item":"https:\/\/prio.swiss\/fr\/"},{"@type":"ListItem","position":2,"name":"Implementata con successo la Convenzione sulla qualit\u00e0 tra ospedali e cliniche e gli assicuratori"}]},{"@type":"WebSite","@id":"https:\/\/prio.swiss\/#website","url":"https:\/\/prio.swiss\/","name":"Prio.Swiss \u2013 Der Verband Schweizer Krankenversicherer","description":"","potentialAction":[{"@type":"SearchAction","target":{"@type":"EntryPoint","urlTemplate":"https:\/\/prio.swiss\/?s={search_term_string}"},"query-input":{"@type":"PropertyValueSpecification","valueRequired":true,"valueName":"search_term_string"}}],"inLanguage":"it-IT"},{"@type":"Person","@id":"https:\/\/prio.swiss\/#\/schema\/person\/4d9497c27b718f03a1e874527475adea","name":"Ivo Giudicetti","image":{"@type":"ImageObject","inLanguage":"it-IT","@id":"https:\/\/prio.swiss\/#\/schema\/person\/image\/","url":"https:\/\/secure.gravatar.com\/avatar\/a9556a66894283924e2a939c86ab0cdd52d95066a830df044151992e554b0577?s=96&d=mm&r=g","contentUrl":"https:\/\/secure.gravatar.com\/avatar\/a9556a66894283924e2a939c86ab0cdd52d95066a830df044151992e554b0577?s=96&d=mm&r=g","caption":"Ivo Giudicetti"}}]}},"_links":{"self":[{"href":"https:\/\/prio.swiss\/it\/wp-json\/wp\/v2\/posts\/2697","targetHints":{"allow":["GET"]}}],"collection":[{"href":"https:\/\/prio.swiss\/it\/wp-json\/wp\/v2\/posts"}],"about":[{"href":"https:\/\/prio.swiss\/it\/wp-json\/wp\/v2\/types\/post"}],"author":[{"embeddable":true,"href":"https:\/\/prio.swiss\/it\/wp-json\/wp\/v2\/users\/5"}],"replies":[{"embeddable":true,"href":"https:\/\/prio.swiss\/it\/wp-json\/wp\/v2\/comments?post=2697"}],"version-history":[{"count":10,"href":"https:\/\/prio.swiss\/it\/wp-json\/wp\/v2\/posts\/2697\/revisions"}],"predecessor-version":[{"id":3961,"href":"https:\/\/prio.swiss\/it\/wp-json\/wp\/v2\/posts\/2697\/revisions\/3961"}],"wp:attachment":[{"href":"https:\/\/prio.swiss\/it\/wp-json\/wp\/v2\/media?parent=2697"}],"wp:term":[{"taxonomy":"category","embeddable":true,"href":"https:\/\/prio.swiss\/it\/wp-json\/wp\/v2\/categories?post=2697"},{"taxonomy":"post_tag","embeddable":true,"href":"https:\/\/prio.swiss\/it\/wp-json\/wp\/v2\/tags?post=2697"}],"curies":[{"name":"wp","href":"https:\/\/api.w.org\/{rel}","templated":true}]}}