{"id":3414,"date":"2025-05-01T13:33:17","date_gmt":"2025-05-01T13:33:17","guid":{"rendered":"https:\/\/prio.swiss\/?p=3414"},"modified":"2026-03-31T09:54:29","modified_gmt":"2026-03-31T09:54:29","slug":"vernehmlassung-kosten-und-qualitatsziele-kvv","status":"publish","type":"post","link":"https:\/\/prio.swiss\/it\/vernehmlassung-kosten-und-qualitatsziele-kvv\/","title":{"rendered":"Consultazione &#8211; Obiettivi di costo e di qualit\u00e0, OAMal (in tedesco)"},"content":{"rendered":"<p>Die vorgeschlagenen Kosten- und Qualit\u00e4tsziele auf Verordnungsebene sind die logische Konsequenz der beschlossenen \u00c4nderung des Krankenversicherungsgesetzes (KVG) im Zusammenhang mit dem indirekten Gegenvorschlag zur Kostenbremse-Initiative. Die Kosten- und Qualit\u00e4tsziele dienen als Orientierung f\u00fcr die Kostenentwicklung im Gesundheitswesen. Die Eidgen\u00f6ssische Kommission f\u00fcr das Kosten- und Qualit\u00e4tsmonitoring gibt Empfehlungen zur Kostenentwicklung und zu kostend\u00e4mpfenden Massnahmen ab. Trotz der einschr\u00e4nkenden gesetzlichen Vorgaben ist von einer gewissen Wirkung auszugehen, die die Kommission wahrnehmen soll. Synergien bei bestehenden Gremien und Daten sollen genutzt und Doppelspurigkeiten vermieden werden.<\/p>\n","protected":false},"excerpt":{"rendered":"<p>Die vorgeschlagenen Kosten- und Qualit\u00e4tsziele auf Verordnungsebene sind die logische Konsequenz der beschlossenen \u00c4nderung des Krankenversicherungsgesetzes (KVG) im Zusammenhang mit dem indirekten Gegenvorschlag zur Kostenbremse-Initiative. Die Kosten- und Qualit\u00e4tsziele dienen als Orientierung f\u00fcr die Kostenentwicklung im Gesundheitswesen. Die Eidgen\u00f6ssische Kommission f\u00fcr das Kosten- und Qualit\u00e4tsmonitoring gibt Empfehlungen zur Kostenentwicklung und zu kostend\u00e4mpfenden Massnahmen ab. Trotz [&hellip;]<\/p>\n","protected":false},"author":5,"featured_media":0,"comment_status":"closed","ping_status":"closed","sticky":false,"template":"","format":"standard","meta":{"_acf_changed":false,"footnotes":""},"categories":[41],"tags":[],"class_list":["post-3414","post","type-post","status-publish","format-standard","hentry","category-consultazioni"],"acf":[],"yoast_head":"<!-- This site is optimized with the Yoast SEO plugin v26.6 - https:\/\/yoast.com\/wordpress\/plugins\/seo\/ -->\n<title>Consultazione - Obiettivi di costo e di qualit\u00e0, OAMal (in tedesco) - Prio.Swiss \u2013 Der Verband Schweizer Krankenversicherer<\/title>\n<meta name=\"robots\" content=\"index, follow, max-snippet:-1, max-image-preview:large, max-video-preview:-1\" \/>\n<link rel=\"canonical\" href=\"https:\/\/prio.swiss\/it\/vernehmlassung-kosten-und-qualitatsziele-kvv\/\" \/>\n<meta property=\"og:locale\" content=\"it_IT\" \/>\n<meta property=\"og:type\" content=\"article\" \/>\n<meta property=\"og:title\" content=\"Consultazione - Obiettivi di costo e di qualit\u00e0, OAMal (in tedesco) - Prio.Swiss \u2013 Der Verband Schweizer Krankenversicherer\" \/>\n<meta property=\"og:description\" content=\"Die vorgeschlagenen Kosten- und Qualit\u00e4tsziele auf Verordnungsebene sind die logische Konsequenz der beschlossenen \u00c4nderung des Krankenversicherungsgesetzes (KVG) im Zusammenhang mit dem indirekten Gegenvorschlag zur Kostenbremse-Initiative. Die Kosten- und Qualit\u00e4tsziele dienen als Orientierung f\u00fcr die Kostenentwicklung im Gesundheitswesen. Die Eidgen\u00f6ssische Kommission f\u00fcr das Kosten- und Qualit\u00e4tsmonitoring gibt Empfehlungen zur Kostenentwicklung und zu kostend\u00e4mpfenden Massnahmen ab. Trotz [&hellip;]\" \/>\n<meta property=\"og:url\" content=\"https:\/\/prio.swiss\/it\/vernehmlassung-kosten-und-qualitatsziele-kvv\/\" \/>\n<meta property=\"og:site_name\" content=\"Prio.Swiss \u2013 Der Verband Schweizer Krankenversicherer\" \/>\n<meta property=\"article:published_time\" content=\"2025-05-01T13:33:17+00:00\" \/>\n<meta property=\"article:modified_time\" content=\"2026-03-31T09:54:29+00:00\" \/>\n<meta name=\"author\" content=\"Ivo Giudicetti\" \/>\n<meta name=\"twitter:card\" content=\"summary_large_image\" \/>\n<meta name=\"twitter:label1\" content=\"Scritto da\" \/>\n\t<meta name=\"twitter:data1\" content=\"Ivo Giudicetti\" \/>\n\t<meta name=\"twitter:label2\" content=\"Tempo di lettura stimato\" \/>\n\t<meta name=\"twitter:data2\" content=\"1 minuto\" \/>\n<script type=\"application\/ld+json\" class=\"yoast-schema-graph\">{\"@context\":\"https:\/\/schema.org\",\"@graph\":[{\"@type\":\"WebPage\",\"@id\":\"https:\/\/prio.swiss\/it\/vernehmlassung-kosten-und-qualitatsziele-kvv\/\",\"url\":\"https:\/\/prio.swiss\/it\/vernehmlassung-kosten-und-qualitatsziele-kvv\/\",\"name\":\"Consultazione - Obiettivi di costo e di qualit\u00e0, OAMal (in tedesco) - Prio.Swiss \u2013 Der Verband Schweizer Krankenversicherer\",\"isPartOf\":{\"@id\":\"https:\/\/prio.swiss\/#website\"},\"datePublished\":\"2025-05-01T13:33:17+00:00\",\"dateModified\":\"2026-03-31T09:54:29+00:00\",\"author\":{\"@id\":\"https:\/\/prio.swiss\/#\/schema\/person\/4d9497c27b718f03a1e874527475adea\"},\"breadcrumb\":{\"@id\":\"https:\/\/prio.swiss\/it\/vernehmlassung-kosten-und-qualitatsziele-kvv\/#breadcrumb\"},\"inLanguage\":\"it-IT\",\"potentialAction\":[{\"@type\":\"ReadAction\",\"target\":[\"https:\/\/prio.swiss\/it\/vernehmlassung-kosten-und-qualitatsziele-kvv\/\"]}]},{\"@type\":\"BreadcrumbList\",\"@id\":\"https:\/\/prio.swiss\/it\/vernehmlassung-kosten-und-qualitatsziele-kvv\/#breadcrumb\",\"itemListElement\":[{\"@type\":\"ListItem\",\"position\":1,\"name\":\"Startseite\",\"item\":\"https:\/\/prio.swiss\/fr\/\"},{\"@type\":\"ListItem\",\"position\":2,\"name\":\"Consultazione &#8211; Obiettivi di costo e di qualit\u00e0, OAMal (in tedesco)\"}]},{\"@type\":\"WebSite\",\"@id\":\"https:\/\/prio.swiss\/#website\",\"url\":\"https:\/\/prio.swiss\/\",\"name\":\"Prio.Swiss \u2013 Der Verband Schweizer Krankenversicherer\",\"description\":\"\",\"potentialAction\":[{\"@type\":\"SearchAction\",\"target\":{\"@type\":\"EntryPoint\",\"urlTemplate\":\"https:\/\/prio.swiss\/?s={search_term_string}\"},\"query-input\":{\"@type\":\"PropertyValueSpecification\",\"valueRequired\":true,\"valueName\":\"search_term_string\"}}],\"inLanguage\":\"it-IT\"},{\"@type\":\"Person\",\"@id\":\"https:\/\/prio.swiss\/#\/schema\/person\/4d9497c27b718f03a1e874527475adea\",\"name\":\"Ivo Giudicetti\",\"image\":{\"@type\":\"ImageObject\",\"inLanguage\":\"it-IT\",\"@id\":\"https:\/\/prio.swiss\/#\/schema\/person\/image\/\",\"url\":\"https:\/\/secure.gravatar.com\/avatar\/a9556a66894283924e2a939c86ab0cdd52d95066a830df044151992e554b0577?s=96&d=mm&r=g\",\"contentUrl\":\"https:\/\/secure.gravatar.com\/avatar\/a9556a66894283924e2a939c86ab0cdd52d95066a830df044151992e554b0577?s=96&d=mm&r=g\",\"caption\":\"Ivo Giudicetti\"}}]}<\/script>\n<!-- \/ Yoast SEO plugin. -->","yoast_head_json":{"title":"Consultazione - Obiettivi di costo e di qualit\u00e0, OAMal (in tedesco) - Prio.Swiss \u2013 Der Verband Schweizer Krankenversicherer","robots":{"index":"index","follow":"follow","max-snippet":"max-snippet:-1","max-image-preview":"max-image-preview:large","max-video-preview":"max-video-preview:-1"},"canonical":"https:\/\/prio.swiss\/it\/vernehmlassung-kosten-und-qualitatsziele-kvv\/","og_locale":"it_IT","og_type":"article","og_title":"Consultazione - Obiettivi di costo e di qualit\u00e0, OAMal (in tedesco) - Prio.Swiss \u2013 Der Verband Schweizer Krankenversicherer","og_description":"Die vorgeschlagenen Kosten- und Qualit\u00e4tsziele auf Verordnungsebene sind die logische Konsequenz der beschlossenen \u00c4nderung des Krankenversicherungsgesetzes (KVG) im Zusammenhang mit dem indirekten Gegenvorschlag zur Kostenbremse-Initiative. Die Kosten- und Qualit\u00e4tsziele dienen als Orientierung f\u00fcr die Kostenentwicklung im Gesundheitswesen. Die Eidgen\u00f6ssische Kommission f\u00fcr das Kosten- und Qualit\u00e4tsmonitoring gibt Empfehlungen zur Kostenentwicklung und zu kostend\u00e4mpfenden Massnahmen ab. Trotz [&hellip;]","og_url":"https:\/\/prio.swiss\/it\/vernehmlassung-kosten-und-qualitatsziele-kvv\/","og_site_name":"Prio.Swiss \u2013 Der Verband Schweizer Krankenversicherer","article_published_time":"2025-05-01T13:33:17+00:00","article_modified_time":"2026-03-31T09:54:29+00:00","author":"Ivo Giudicetti","twitter_card":"summary_large_image","twitter_misc":{"Scritto da":"Ivo Giudicetti","Tempo di lettura stimato":"1 minuto"},"schema":{"@context":"https:\/\/schema.org","@graph":[{"@type":"WebPage","@id":"https:\/\/prio.swiss\/it\/vernehmlassung-kosten-und-qualitatsziele-kvv\/","url":"https:\/\/prio.swiss\/it\/vernehmlassung-kosten-und-qualitatsziele-kvv\/","name":"Consultazione - Obiettivi di costo e di qualit\u00e0, OAMal (in tedesco) - Prio.Swiss \u2013 Der Verband Schweizer Krankenversicherer","isPartOf":{"@id":"https:\/\/prio.swiss\/#website"},"datePublished":"2025-05-01T13:33:17+00:00","dateModified":"2026-03-31T09:54:29+00:00","author":{"@id":"https:\/\/prio.swiss\/#\/schema\/person\/4d9497c27b718f03a1e874527475adea"},"breadcrumb":{"@id":"https:\/\/prio.swiss\/it\/vernehmlassung-kosten-und-qualitatsziele-kvv\/#breadcrumb"},"inLanguage":"it-IT","potentialAction":[{"@type":"ReadAction","target":["https:\/\/prio.swiss\/it\/vernehmlassung-kosten-und-qualitatsziele-kvv\/"]}]},{"@type":"BreadcrumbList","@id":"https:\/\/prio.swiss\/it\/vernehmlassung-kosten-und-qualitatsziele-kvv\/#breadcrumb","itemListElement":[{"@type":"ListItem","position":1,"name":"Startseite","item":"https:\/\/prio.swiss\/fr\/"},{"@type":"ListItem","position":2,"name":"Consultazione &#8211; Obiettivi di costo e di qualit\u00e0, OAMal (in tedesco)"}]},{"@type":"WebSite","@id":"https:\/\/prio.swiss\/#website","url":"https:\/\/prio.swiss\/","name":"Prio.Swiss \u2013 Der Verband Schweizer Krankenversicherer","description":"","potentialAction":[{"@type":"SearchAction","target":{"@type":"EntryPoint","urlTemplate":"https:\/\/prio.swiss\/?s={search_term_string}"},"query-input":{"@type":"PropertyValueSpecification","valueRequired":true,"valueName":"search_term_string"}}],"inLanguage":"it-IT"},{"@type":"Person","@id":"https:\/\/prio.swiss\/#\/schema\/person\/4d9497c27b718f03a1e874527475adea","name":"Ivo Giudicetti","image":{"@type":"ImageObject","inLanguage":"it-IT","@id":"https:\/\/prio.swiss\/#\/schema\/person\/image\/","url":"https:\/\/secure.gravatar.com\/avatar\/a9556a66894283924e2a939c86ab0cdd52d95066a830df044151992e554b0577?s=96&d=mm&r=g","contentUrl":"https:\/\/secure.gravatar.com\/avatar\/a9556a66894283924e2a939c86ab0cdd52d95066a830df044151992e554b0577?s=96&d=mm&r=g","caption":"Ivo Giudicetti"}}]}},"_links":{"self":[{"href":"https:\/\/prio.swiss\/it\/wp-json\/wp\/v2\/posts\/3414","targetHints":{"allow":["GET"]}}],"collection":[{"href":"https:\/\/prio.swiss\/it\/wp-json\/wp\/v2\/posts"}],"about":[{"href":"https:\/\/prio.swiss\/it\/wp-json\/wp\/v2\/types\/post"}],"author":[{"embeddable":true,"href":"https:\/\/prio.swiss\/it\/wp-json\/wp\/v2\/users\/5"}],"replies":[{"embeddable":true,"href":"https:\/\/prio.swiss\/it\/wp-json\/wp\/v2\/comments?post=3414"}],"version-history":[{"count":7,"href":"https:\/\/prio.swiss\/it\/wp-json\/wp\/v2\/posts\/3414\/revisions"}],"predecessor-version":[{"id":5844,"href":"https:\/\/prio.swiss\/it\/wp-json\/wp\/v2\/posts\/3414\/revisions\/5844"}],"wp:attachment":[{"href":"https:\/\/prio.swiss\/it\/wp-json\/wp\/v2\/media?parent=3414"}],"wp:term":[{"taxonomy":"category","embeddable":true,"href":"https:\/\/prio.swiss\/it\/wp-json\/wp\/v2\/categories?post=3414"},{"taxonomy":"post_tag","embeddable":true,"href":"https:\/\/prio.swiss\/it\/wp-json\/wp\/v2\/tags?post=3414"}],"curies":[{"name":"wp","href":"https:\/\/api.w.org\/{rel}","templated":true}]}}